{"id":4678,"date":"2017-05-11T08:26:57","date_gmt":"2017-05-11T12:26:57","guid":{"rendered":"http:\/\/santemc.quebec\/icentre\/?p=4678"},"modified":"2017-05-11T14:43:21","modified_gmt":"2017-05-11T18:43:21","slug":"les-professionnelles-du-cicm-a-lavant-plan","status":"publish","type":"post","link":"https:\/\/santemc.quebec\/icentre\/les-professionnelles-du-cicm-a-lavant-plan\/","title":{"rendered":"Les professionnelles du CICM \u00e0 l\u2019avant-plan"},"content":{"rendered":"<p>Dans le cadre du S\u00e9minaire annuel de l\u2019Association qu\u00e9b\u00e9coise des infirmi\u00e8res en oncologie, tenu le 28 avril dernier, des professionnelles du Centre int\u00e9gr\u00e9 de canc\u00e9rologie de la Mont\u00e9r\u00e9gie (CICM) ont \u00e9t\u00e9 choisies pour pr\u00e9senter diff\u00e9rents th\u00e8mes aux participants.<!--more--><\/p>\n<p>D\u2019abord, Anne Plante, conseill\u00e8re-cadre en soins infirmiers, a eu le privil\u00e8ge d\u2019animer la conf\u00e9rence d\u2019ouverture sur le th\u00e8me du partenariat infirmi\u00e8re-patient. Ensuite, Roxanne Trahan, infirmi\u00e8re, ainsi que Lorraine Brault, pharmacienne, ont pr\u00e9sent\u00e9 un atelier sur la vaccination de la client\u00e8le en oncologie.<\/p>\n<p>Dans les deux cas, les pr\u00e9sentations ont \u00e9t\u00e9 fortement appr\u00e9ci\u00e9es par les participants du S\u00e9minaire et ont permis une superbe visibilit\u00e9 pour le CICM.<\/p>\n<p>F\u00e9licitations!<\/p>\n<p>&nbsp;<\/p>\n","protected":false},"excerpt":{"rendered":"<p>Dans le cadre du S\u00e9minaire annuel de l\u2019Association qu\u00e9b\u00e9coise des infirmi\u00e8res en oncologie, tenu le 28 avril dernier, des professionnelles du Centre int\u00e9gr\u00e9 de canc\u00e9rologie de la Mont\u00e9r\u00e9gie (CICM) ont \u00e9t\u00e9 choisies pour pr\u00e9senter diff\u00e9rents th\u00e8mes aux participants.<\/p>\n","protected":false},"author":1,"featured_media":0,"comment_status":"open","ping_status":"closed","sticky":false,"template":"","format":"standard","meta":{"footnotes":""},"categories":[1],"tags":[],"_links":{"self":[{"href":"https:\/\/santemc.quebec\/icentre\/wp-json\/wp\/v2\/posts\/4678"}],"collection":[{"href":"https:\/\/santemc.quebec\/icentre\/wp-json\/wp\/v2\/posts"}],"about":[{"href":"https:\/\/santemc.quebec\/icentre\/wp-json\/wp\/v2\/types\/post"}],"author":[{"embeddable":true,"href":"https:\/\/santemc.quebec\/icentre\/wp-json\/wp\/v2\/users\/1"}],"replies":[{"embeddable":true,"href":"https:\/\/santemc.quebec\/icentre\/wp-json\/wp\/v2\/comments?post=4678"}],"version-history":[{"count":2,"href":"https:\/\/santemc.quebec\/icentre\/wp-json\/wp\/v2\/posts\/4678\/revisions"}],"predecessor-version":[{"id":4680,"href":"https:\/\/santemc.quebec\/icentre\/wp-json\/wp\/v2\/posts\/4678\/revisions\/4680"}],"wp:attachment":[{"href":"https:\/\/santemc.quebec\/icentre\/wp-json\/wp\/v2\/media?parent=4678"}],"wp:term":[{"taxonomy":"category","embeddable":true,"href":"https:\/\/santemc.quebec\/icentre\/wp-json\/wp\/v2\/categories?post=4678"},{"taxonomy":"post_tag","embeddable":true,"href":"https:\/\/santemc.quebec\/icentre\/wp-json\/wp\/v2\/tags?post=4678"}],"curies":[{"name":"wp","href":"https:\/\/api.w.org\/{rel}","templated":true}]}}