{"id":46795,"date":"2019-06-27T13:41:40","date_gmt":"2019-06-27T17:41:40","guid":{"rendered":"http:\/\/santemc.quebec\/icentre\/?p=46795"},"modified":"2019-06-27T13:57:33","modified_gmt":"2019-06-27T17:57:33","slug":"conference-de-presse-de-la-direction-de-sante-publique-sur-le-vno","status":"publish","type":"post","link":"https:\/\/santemc.quebec\/icentre\/conference-de-presse-de-la-direction-de-sante-publique-sur-le-vno\/","title":{"rendered":"Conf\u00e9rence de presse de la Direction de sant\u00e9 publique sur le VNO"},"content":{"rendered":"<div id=\"attachment_46831\" style=\"width: 310px\" class=\"wp-caption alignleft\"><a href=\"http:\/\/santemc.quebec\/santemc\/icentre\/wp-content\/uploads\/2019\/06\/conference_VNO.jpg\"><img aria-describedby=\"caption-attachment-46831\" decoding=\"async\" loading=\"lazy\" class=\"wp-image-46831 size-medium\" src=\"http:\/\/santemc.quebec\/santemc\/icentre\/wp-content\/uploads\/2019\/06\/conference_VNO-300x225.jpg\" alt=\"\" width=\"300\" height=\"225\" srcset=\"https:\/\/santemc.quebec\/santemc\/icentre\/wp-content\/uploads\/2019\/06\/conference_VNO-300x225.jpg 300w, https:\/\/santemc.quebec\/santemc\/icentre\/wp-content\/uploads\/2019\/06\/conference_VNO-768x576.jpg 768w, https:\/\/santemc.quebec\/santemc\/icentre\/wp-content\/uploads\/2019\/06\/conference_VNO-1024x768.jpg 1024w, https:\/\/santemc.quebec\/santemc\/icentre\/wp-content\/uploads\/2019\/06\/conference_VNO-400x300.jpg 400w, https:\/\/santemc.quebec\/santemc\/icentre\/wp-content\/uploads\/2019\/06\/conference_VNO.jpg 1280w\" sizes=\"(max-width: 300px) 100vw, 300px\" \/><\/a><p id=\"caption-attachment-46831\" class=\"wp-caption-text\">Dr Fran\u00e7ois Milord, m\u00e9decin-conseil \u00e0 la Direction de sant\u00e9 publique, et Dre Julie Loslier, directrice de sant\u00e9 publique de la Mont\u00e9r\u00e9gie<\/p><\/div>\n<p>La Direction de sant\u00e9 publique de la Mont\u00e9r\u00e9gie a tenu une conf\u00e9rence de presse, le 26 juin, afin d\u2019inciter la population \u00e0 se prot\u00e9ger des piq\u00fbres de moustiques qui peuvent transmettre le virus du Nil occidental.<\/p>\n<p><!--more--><\/p>\n<p>L\u2019\u00e9t\u00e9 dernier, un nombre record de 75 Mont\u00e9r\u00e9giens ont contract\u00e9 le virus du Nil occidental, ce qui repr\u00e9sente le tiers des cas du Qu\u00e9bec.\u00a0Ce nombre repr\u00e9sente la pointe de l&rsquo;iceberg, puisque dans la majorit\u00e9 des cas, le virus passe pratiquement inaper\u00e7u et gu\u00e9rit spontan\u00e9ment. Environ 1 personne sur 150 d\u00e9veloppe une forme plus grave de la maladie\u00a0: m\u00e9ningite (infection des enveloppes du cerveau), enc\u00e9phalite (inflammation du cerveau) ou paralysie.<\/p>\n<p>\u00ab Les personnes \u00e2g\u00e9es de 50 ans et plus et les personnes atteintes d\u2019une maladie chronique comme le diab\u00e8te, une maladie du c\u0153ur ou un cancer sont plus susceptibles de d\u00e9velopper une forme grave de la maladie \u00bb, a pr\u00e9cis\u00e9 Dr Fran\u00e7ois Milord, m\u00e9decin-conseil \u00e0 la Direction de sant\u00e9 publique.<\/p>\n<p>Il est donc conseill\u00e9 de se prot\u00e9ger des piq\u00fbres de moustiques en appliquant du chasse-moustiques particuli\u00e8rement au lever et au coucher du soleil, p\u00e9riodes o\u00f9 les moustiques sont plus actifs. Il est conseill\u00e9 aussi d\u2019enlever l\u2019eau stagnante dans sa cour, compte tenu qu\u2019il s\u2019agit du milieu id\u00e9al pour la reproduction des moustiques.<\/p>\n<p>\u00ab Il est important de se prot\u00e9ger des piq\u00fbres de moustiques, mais il ne faudrait jamais h\u00e9siter \u00e0 profiter du beau temps. Rester actifs, pratiquer des sports \u00e0 l\u2019ext\u00e9rieur demeurent d\u2019excellents moyens de prot\u00e9ger sa sant\u00e9 \u00bb, rappelle Dre Julie Loslier, directrice de sant\u00e9 publique de la Mont\u00e9r\u00e9gie.<\/p>\n<p>Pour en savoir plus sur le virus du Nil occidental, consultez ce lien\u00a0:<br \/>\n<a id=\"LPlnk149253\" href=\"https:\/\/www.quebec.ca\/sante\/problemes-de-sante\/a-z\/virus-du-nil-occidental-vno\/\" target=\"_blank\" rel=\"noopener noreferrer\" data-auth=\"NotApplicable\">https:\/\/www.quebec.ca\/sante\/problemes-de-sante\/a-z\/virus-du-nil-occidental-vno\/<\/a><\/p>\n","protected":false},"excerpt":{"rendered":"<p>La Direction de sant\u00e9 publique de la Mont\u00e9r\u00e9gie a tenu une conf\u00e9rence de presse, le 26 juin, afin d\u2019inciter la population \u00e0 se prot\u00e9ger des piq\u00fbres de moustiques qui peuvent transmettre le virus du Nil occidental.<\/p>\n","protected":false},"author":9,"featured_media":0,"comment_status":"open","ping_status":"closed","sticky":false,"template":"","format":"standard","meta":{"footnotes":""},"categories":[1],"tags":[],"_links":{"self":[{"href":"https:\/\/santemc.quebec\/icentre\/wp-json\/wp\/v2\/posts\/46795"}],"collection":[{"href":"https:\/\/santemc.quebec\/icentre\/wp-json\/wp\/v2\/posts"}],"about":[{"href":"https:\/\/santemc.quebec\/icentre\/wp-json\/wp\/v2\/types\/post"}],"author":[{"embeddable":true,"href":"https:\/\/santemc.quebec\/icentre\/wp-json\/wp\/v2\/users\/9"}],"replies":[{"embeddable":true,"href":"https:\/\/santemc.quebec\/icentre\/wp-json\/wp\/v2\/comments?post=46795"}],"version-history":[{"count":4,"href":"https:\/\/santemc.quebec\/icentre\/wp-json\/wp\/v2\/posts\/46795\/revisions"}],"predecessor-version":[{"id":47719,"href":"https:\/\/santemc.quebec\/icentre\/wp-json\/wp\/v2\/posts\/46795\/revisions\/47719"}],"wp:attachment":[{"href":"https:\/\/santemc.quebec\/icentre\/wp-json\/wp\/v2\/media?parent=46795"}],"wp:term":[{"taxonomy":"category","embeddable":true,"href":"https:\/\/santemc.quebec\/icentre\/wp-json\/wp\/v2\/categories?post=46795"},{"taxonomy":"post_tag","embeddable":true,"href":"https:\/\/santemc.quebec\/icentre\/wp-json\/wp\/v2\/tags?post=46795"}],"curies":[{"name":"wp","href":"https:\/\/api.w.org\/{rel}","templated":true}]}}