{"id":4704,"date":"2017-05-17T07:55:25","date_gmt":"2017-05-17T11:55:25","guid":{"rendered":"http:\/\/santemc.quebec\/icentre\/?p=4704"},"modified":"2017-05-17T16:27:38","modified_gmt":"2017-05-17T20:27:38","slug":"bulletin-horizon-sante-cancers-et-tabac-en-monteregie-copy-copy","status":"publish","type":"post","link":"https:\/\/santemc.quebec\/icentre\/bulletin-horizon-sante-cancers-et-tabac-en-monteregie-copy-copy\/","title":{"rendered":"Bulletin Horizon Sant\u00e9 &#8211; Bilan des d\u00e9c\u00e8s en Mont\u00e9r\u00e9gie"},"content":{"rendered":"<p><img decoding=\"async\" loading=\"lazy\" class=\"alignleft\" src=\"http:\/\/extranet.santemonteregie.qc.ca\/userfiles\/image\/sante-publique\/surveillance-etat-sante\/HorizonSante-PageHorizon.PNG\" alt=\"Horizon Sant\u00e9 Logo\" width=\"263\" height=\"178\" \/><\/p>\n<p>Le deuxi\u00e8me bulletin<em> Horizon Sant\u00e9\u00a0p<\/em>roduit par l&rsquo;\u00e9quipe surveillance de l&rsquo;\u00e9tat de sant\u00e9 de la population de la Direction de sant\u00e9 publique s&rsquo;int\u00e9resse aux d\u00e9c\u00e8s en Mont\u00e9r\u00e9gie &#8211; soit un reflet de l&rsquo;\u00e9tat de sant\u00e9 de la population mont\u00e9r\u00e9gienne.<\/p>\n<p>Pour en conna\u00eetre davantage sur la mortalit\u00e9 pr\u00e9matur\u00e9e, l&rsquo;esp\u00e9rance de vie des Mont\u00e9r\u00e9giens, les principales causes de d\u00e9c\u00e8s selon l&rsquo;\u00e2ge et les disparit\u00e9s locales \u00e0 l&rsquo;\u00e9gard de d\u00e9c\u00e8s vous \u00eates invit\u00e9s \u00e0 consulter le lien suivant :<\/p>\n<p>Pour acc\u00e9der \u00e0 la version int\u00e9grale du bulletin d\u2019information,\u00a0rendez-vous sur le site\u00a0<a href=\"http:\/\/extranet.santemonteregie.qc.ca\/sante-publique\/surveillance-etat-sante\/horizon-sante.fr.html\">Extranet<\/a>.<\/p>\n<p><!--more--><\/p>\n<p>Compl\u00e9mentaire aux autres produits de surveillance de la Direction de sant\u00e9 publique, <em>Horizon Sant\u00e9<\/em> souhaite pr\u00e9senter, en quelques pages, les donn\u00e9es les plus marquantes concernant divers indicateurs reli\u00e9s \u00e0 un sujet particulier, ainsi qu&rsquo;une interpr\u00e9tation de celles-ci.<\/p>\n<p>&nbsp;<\/p>\n","protected":false},"excerpt":{"rendered":"<p>Le deuxi\u00e8me bulletin Horizon Sant\u00e9\u00a0produit par l&rsquo;\u00e9quipe surveillance de l&rsquo;\u00e9tat de sant\u00e9 de la population de la Direction de sant\u00e9 publique s&rsquo;int\u00e9resse aux d\u00e9c\u00e8s en Mont\u00e9r\u00e9gie &#8211; soit un reflet de l&rsquo;\u00e9tat de sant\u00e9 de la population mont\u00e9r\u00e9gienne. Pour en &hellip; <a href=\"https:\/\/santemc.quebec\/icentre\/bulletin-horizon-sante-cancers-et-tabac-en-monteregie-copy-copy\/\">Continuer la lecture <span class=\"meta-nav\">&rarr;<\/span><\/a><\/p>\n","protected":false},"author":1,"featured_media":0,"comment_status":"open","ping_status":"closed","sticky":false,"template":"","format":"standard","meta":{"footnotes":""},"categories":[1],"tags":[93],"_links":{"self":[{"href":"https:\/\/santemc.quebec\/icentre\/wp-json\/wp\/v2\/posts\/4704"}],"collection":[{"href":"https:\/\/santemc.quebec\/icentre\/wp-json\/wp\/v2\/posts"}],"about":[{"href":"https:\/\/santemc.quebec\/icentre\/wp-json\/wp\/v2\/types\/post"}],"author":[{"embeddable":true,"href":"https:\/\/santemc.quebec\/icentre\/wp-json\/wp\/v2\/users\/1"}],"replies":[{"embeddable":true,"href":"https:\/\/santemc.quebec\/icentre\/wp-json\/wp\/v2\/comments?post=4704"}],"version-history":[{"count":4,"href":"https:\/\/santemc.quebec\/icentre\/wp-json\/wp\/v2\/posts\/4704\/revisions"}],"predecessor-version":[{"id":4718,"href":"https:\/\/santemc.quebec\/icentre\/wp-json\/wp\/v2\/posts\/4704\/revisions\/4718"}],"wp:attachment":[{"href":"https:\/\/santemc.quebec\/icentre\/wp-json\/wp\/v2\/media?parent=4704"}],"wp:term":[{"taxonomy":"category","embeddable":true,"href":"https:\/\/santemc.quebec\/icentre\/wp-json\/wp\/v2\/categories?post=4704"},{"taxonomy":"post_tag","embeddable":true,"href":"https:\/\/santemc.quebec\/icentre\/wp-json\/wp\/v2\/tags?post=4704"}],"curies":[{"name":"wp","href":"https:\/\/api.w.org\/{rel}","templated":true}]}}