{"id":4707,"date":"2017-05-17T15:11:30","date_gmt":"2017-05-17T19:11:30","guid":{"rendered":"http:\/\/santemc.quebec\/icentre\/?p=4707"},"modified":"2017-05-17T15:12:19","modified_gmt":"2017-05-17T19:12:19","slug":"rene-nolet-linfirmier-qui-rit-de-bon-coeur","status":"publish","type":"post","link":"https:\/\/santemc.quebec\/icentre\/rene-nolet-linfirmier-qui-rit-de-bon-coeur\/","title":{"rendered":"Ren\u00e9 Nolet, l\u2019infirmier qui rit de bon c\u0153ur!"},"content":{"rendered":"<div id=\"attachment_4708\" style=\"width: 310px\" class=\"wp-caption alignleft\"><img aria-describedby=\"caption-attachment-4708\" decoding=\"async\" loading=\"lazy\" class=\"size-medium wp-image-4708\" src=\"http:\/\/santemc.quebec\/santemc\/icentre\/wp-content\/uploads\/2017\/05\/Bruno-et-Ren\u00e9-300x211.jpg\" alt=\"\" width=\"300\" height=\"211\" srcset=\"https:\/\/santemc.quebec\/santemc\/icentre\/wp-content\/uploads\/2017\/05\/Bruno-et-Ren\u00e9-300x211.jpg 300w, https:\/\/santemc.quebec\/santemc\/icentre\/wp-content\/uploads\/2017\/05\/Bruno-et-Ren\u00e9-426x300.jpg 426w, https:\/\/santemc.quebec\/santemc\/icentre\/wp-content\/uploads\/2017\/05\/Bruno-et-Ren\u00e9.jpg 661w\" sizes=\"(max-width: 300px) 100vw, 300px\" \/><p id=\"caption-attachment-4708\" class=\"wp-caption-text\">Sur la photo : Bruno Di Tomasso et Ren\u00e9 Nolet<\/p><\/div>\n<p>En avril dernier, le Journal de Montr\u00e9al a parcouru la province en entier pour d\u00e9couvrir les meilleurs infirmiers et infirmi\u00e8res du Qu\u00e9bec. Apr\u00e8s avoir vu sa candidature \u00eatre soumise par son coll\u00e8gue Bruno Di Tomasso, Ren\u00e9 Nolet, infirmier au service d\u2019h\u00e9modynamie de l\u2019H\u00f4pital Charles-le Moyne \u00e9tait en vedette dans l\u2019\u00e9dition du 17 mai du Journal.<!--more--><\/p>\n<p>Dans sa lettre de candidature, M. Di Tomasso d\u00e9crit son coll\u00e8gue comme \u00e9tant une source de r\u00e9confort pour les patients, g\u00e9n\u00e9ralement anxieux avant de recevoir leur traitement d\u2019h\u00e9modynamie. Son humour et sa bonne humeur font de lui un infirmier en qui les usagers ont enti\u00e8rement confiance.<\/p>\n<p>Dans cet article, on peut d\u2019ailleurs lire que \u00ab <em>m\u00eame s\u2019il travaille sur le mince fil qui s\u00e9pare la vie et la mort lors d\u2019op\u00e9rations au c\u0153ur, Ren\u00e9 Nolet r\u00e9ussit toujours \u00e0 d\u00e9tendre ses coll\u00e8gues et ses patients avec une petite blague bien plac\u00e9e ou un mot r\u00e9confortant. Il devient une pr\u00e9sence qui fait la diff\u00e9rence dans un monde o\u00f9 la tension est toujours \u00e0 son apog\u00e9e. \u00bb<\/em><\/p>\n<p>Pour lire la version int\u00e9grale de ce reportage\u00a0: <a href=\"http:\/\/www.journaldemontreal.com\/2017\/05\/17\/les-meilleurs-infirmieres-et-infirmiers-du-quebec-linfirmier-qui-rit-de-bon-cur\">http:\/\/www.journaldemontreal.com\/2017\/05\/17\/les-meilleurs-infirmieres-et-infirmiers-du-quebec-linfirmier-qui-rit-de-bon-cur<\/a><\/p>\n<p>F\u00e9licitations \u00e0 Ren\u00e9 Nolet pour cette belle reconnaissance!<\/p>\n<p>&nbsp;<\/p>\n","protected":false},"excerpt":{"rendered":"<p>En avril dernier, le Journal de Montr\u00e9al a parcouru la province en entier pour d\u00e9couvrir les meilleurs infirmiers et infirmi\u00e8res du Qu\u00e9bec. Apr\u00e8s avoir vu sa candidature \u00eatre soumise par son coll\u00e8gue Bruno Di Tomasso, Ren\u00e9 Nolet, infirmier au service &hellip; <a href=\"https:\/\/santemc.quebec\/icentre\/rene-nolet-linfirmier-qui-rit-de-bon-coeur\/\">Continuer la lecture <span class=\"meta-nav\">&rarr;<\/span><\/a><\/p>\n","protected":false},"author":1,"featured_media":0,"comment_status":"open","ping_status":"closed","sticky":false,"template":"","format":"standard","meta":{"footnotes":""},"categories":[1],"tags":[],"_links":{"self":[{"href":"https:\/\/santemc.quebec\/icentre\/wp-json\/wp\/v2\/posts\/4707"}],"collection":[{"href":"https:\/\/santemc.quebec\/icentre\/wp-json\/wp\/v2\/posts"}],"about":[{"href":"https:\/\/santemc.quebec\/icentre\/wp-json\/wp\/v2\/types\/post"}],"author":[{"embeddable":true,"href":"https:\/\/santemc.quebec\/icentre\/wp-json\/wp\/v2\/users\/1"}],"replies":[{"embeddable":true,"href":"https:\/\/santemc.quebec\/icentre\/wp-json\/wp\/v2\/comments?post=4707"}],"version-history":[{"count":1,"href":"https:\/\/santemc.quebec\/icentre\/wp-json\/wp\/v2\/posts\/4707\/revisions"}],"predecessor-version":[{"id":4709,"href":"https:\/\/santemc.quebec\/icentre\/wp-json\/wp\/v2\/posts\/4707\/revisions\/4709"}],"wp:attachment":[{"href":"https:\/\/santemc.quebec\/icentre\/wp-json\/wp\/v2\/media?parent=4707"}],"wp:term":[{"taxonomy":"category","embeddable":true,"href":"https:\/\/santemc.quebec\/icentre\/wp-json\/wp\/v2\/categories?post=4707"},{"taxonomy":"post_tag","embeddable":true,"href":"https:\/\/santemc.quebec\/icentre\/wp-json\/wp\/v2\/tags?post=4707"}],"curies":[{"name":"wp","href":"https:\/\/api.w.org\/{rel}","templated":true}]}}