{"id":4711,"date":"2017-05-17T15:42:54","date_gmt":"2017-05-17T19:42:54","guid":{"rendered":"http:\/\/santemc.quebec\/icentre\/?p=4711"},"modified":"2017-05-17T16:13:57","modified_gmt":"2017-05-17T20:13:57","slug":"venez-decouvrir-le-cafe-de-la-place-preouverture-du-23-mai-au-2-juin","status":"publish","type":"post","link":"https:\/\/santemc.quebec\/icentre\/venez-decouvrir-le-cafe-de-la-place-preouverture-du-23-mai-au-2-juin\/","title":{"rendered":"Venez d\u00e9couvrir Le Caf\u00e9 de la place! Pr\u00e9ouverture du 23 mai au 2 juin"},"content":{"rendered":"<p><img decoding=\"async\" loading=\"lazy\" class=\"alignnone size-medium\" src=\"https:\/\/lh4.googleusercontent.com\/IUrk49VOFO_VaBF2QGpTt8UcaxZvuohqFPvoYkGgsnutwiui4BOfloqNgy2LWC9WpVRP1u-z2w=w1033\" width=\"1033\" height=\"399\" \/>La direction du CISSS de la Mont\u00e9r\u00e9gie-Centre et les employ\u00e9s du Service alimentaire ont h\u00e2te de vous accueillir dans le nouveau <strong><em>Caf\u00e9 de la place<\/em><\/strong>, situ\u00e9 dans le hall de l\u2019H\u00f4pital Charles-Le Moyne. Ce nouveau caf\u00e9 viendra bonifier l\u2019offre alimentaire de l\u2019H\u00f4pital en offrant aux employ\u00e9s, m\u00e9decins et visiteurs une exp\u00e9rience unique dans un d\u00e9cor chic et contemporain.<\/p>\n<p>Pendant cette p\u00e9riode de pr\u00e9ouverture, vous pourrez vous approprier le menu du <strong><em>Caf\u00e9 de la place<\/em><\/strong> tout en permettant \u00e0 l\u2019\u00e9quipe de peaufiner le service \u00e0 la client\u00e8le, de s\u2019adapter \u00e0 la rapidit\u00e9 d\u2019ex\u00e9cution esp\u00e9r\u00e9e tout en recueillant vos pr\u00e9cieux commentaires.<\/p>\n<p><!--more--><\/p>\n<p>L\u2019\u00e9quipe est enthousiaste et a h\u00e2te de vous pr\u00e9senter les produits frais, savoureux et color\u00e9s qui caract\u00e9risent ce nouveau caf\u00e9.<\/p>\n<p><strong>Concours\u00a0\u00ab\u00a0Connaissez-vous les caf\u00e9s de sp\u00e9cialit\u00e9\u00a0?\u00bb<\/strong><\/p>\n<p>D\u2019ici l\u00e0, nous vous invitons \u00e0 <a href=\"https:\/\/docs.google.com\/forms\/d\/e\/1FAIpQLSeGqTXUftLgepcs46FG0LwoYLSSSb03hhhg7qM-akYJvSmEXg\/viewform\" target=\"_blank\" rel=\"noopener noreferrer\">participer \u00e0 notre concours<\/a> qui vous permettra de parfaire vos connaissances sur les caf\u00e9s de sp\u00e9cialit\u00e9.<\/p>\n<p>Au plaisir de vous servir un caf\u00e9 de sp\u00e9cialit\u00e9 dans ce nouveau Caf\u00e9!<\/p>\n<p>Notez qu&rsquo;il sera possible de payer par carte de d\u00e9bit.<\/p>\n","protected":false},"excerpt":{"rendered":"<p>La direction du CISSS de la Mont\u00e9r\u00e9gie-Centre et les employ\u00e9s du Service alimentaire ont h\u00e2te de vous accueillir dans le nouveau Caf\u00e9 de la place, situ\u00e9 dans le hall de l\u2019H\u00f4pital Charles-Le Moyne. Ce nouveau caf\u00e9 viendra bonifier l\u2019offre alimentaire &hellip; <a href=\"https:\/\/santemc.quebec\/icentre\/venez-decouvrir-le-cafe-de-la-place-preouverture-du-23-mai-au-2-juin\/\">Continuer la lecture <span class=\"meta-nav\">&rarr;<\/span><\/a><\/p>\n","protected":false},"author":1,"featured_media":0,"comment_status":"open","ping_status":"closed","sticky":false,"template":"","format":"standard","meta":{"footnotes":""},"categories":[1],"tags":[],"_links":{"self":[{"href":"https:\/\/santemc.quebec\/icentre\/wp-json\/wp\/v2\/posts\/4711"}],"collection":[{"href":"https:\/\/santemc.quebec\/icentre\/wp-json\/wp\/v2\/posts"}],"about":[{"href":"https:\/\/santemc.quebec\/icentre\/wp-json\/wp\/v2\/types\/post"}],"author":[{"embeddable":true,"href":"https:\/\/santemc.quebec\/icentre\/wp-json\/wp\/v2\/users\/1"}],"replies":[{"embeddable":true,"href":"https:\/\/santemc.quebec\/icentre\/wp-json\/wp\/v2\/comments?post=4711"}],"version-history":[{"count":4,"href":"https:\/\/santemc.quebec\/icentre\/wp-json\/wp\/v2\/posts\/4711\/revisions"}],"predecessor-version":[{"id":4716,"href":"https:\/\/santemc.quebec\/icentre\/wp-json\/wp\/v2\/posts\/4711\/revisions\/4716"}],"wp:attachment":[{"href":"https:\/\/santemc.quebec\/icentre\/wp-json\/wp\/v2\/media?parent=4711"}],"wp:term":[{"taxonomy":"category","embeddable":true,"href":"https:\/\/santemc.quebec\/icentre\/wp-json\/wp\/v2\/categories?post=4711"},{"taxonomy":"post_tag","embeddable":true,"href":"https:\/\/santemc.quebec\/icentre\/wp-json\/wp\/v2\/tags?post=4711"}],"curies":[{"name":"wp","href":"https:\/\/api.w.org\/{rel}","templated":true}]}}