{"id":4733,"date":"2017-05-19T08:53:14","date_gmt":"2017-05-19T12:53:14","guid":{"rendered":"http:\/\/santemc.quebec\/icentre\/?p=4733"},"modified":"2017-05-19T08:54:09","modified_gmt":"2017-05-19T12:54:09","slug":"qualite-des-appareils-en-radiotherapie-un-expert-du-cicm-au-sein-du-comite-national","status":"publish","type":"post","link":"https:\/\/santemc.quebec\/icentre\/qualite-des-appareils-en-radiotherapie-un-expert-du-cicm-au-sein-du-comite-national\/","title":{"rendered":"Qualit\u00e9 des appareils en radioth\u00e9rapie : un expert du CICM au sein du comit\u00e9 national"},"content":{"rendered":"<div id=\"attachment_4735\" style=\"width: 262px\" class=\"wp-caption alignleft\"><img aria-describedby=\"caption-attachment-4735\" decoding=\"async\" loading=\"lazy\" class=\"wp-image-4735 size-medium\" src=\"http:\/\/santemc.quebec\/santemc\/icentre\/wp-content\/uploads\/2017\/05\/Noel-252x300.jpg\" alt=\"\" width=\"252\" height=\"300\" srcset=\"https:\/\/santemc.quebec\/santemc\/icentre\/wp-content\/uploads\/2017\/05\/Noel-252x300.jpg 252w, https:\/\/santemc.quebec\/santemc\/icentre\/wp-content\/uploads\/2017\/05\/Noel.jpg 492w\" sizes=\"(max-width: 252px) 100vw, 252px\" \/><p id=\"caption-attachment-4735\" class=\"wp-caption-text\">No\u00ebl Blais<\/p><\/div>\n<p>Le mois d\u2019avril dernier marquait le premier anniversaire de la formation du comit\u00e9 consultatif national de qualit\u00e9 du Partenariat canadien pour la qualit\u00e9 en radioth\u00e9rapie (PCQR). Regroupant des experts de chaque centre hospitalier canadien offrant des traitements de radioth\u00e9rapie, ce comit\u00e9 a pour objectif d\u2019\u00e9tablir des normes, de r\u00e9viser certains processus et d\u2019\u00e9mettre des recommandations en ce qui concerne la s\u00e9curit\u00e9 et le contr\u00f4le de qualit\u00e9 des appareils de radioth\u00e9rapie.<!--more--><\/p>\n<p>Le Centre int\u00e9gr\u00e9 de canc\u00e9rologie de la Mont\u00e9r\u00e9gie (CICM) est fier de compter sur No\u00ebl Blais, physicien, pour repr\u00e9senter l\u2019\u00e9tablissement au sein de ce comit\u00e9. Expert en son domaine, M. Blais a notamment particip\u00e9 au cours des derniers mois au d\u00e9veloppement d\u2019un guide national de recommandations pour le contr\u00f4le de la qualit\u00e9 des appareils de tomoth\u00e9rapie.<\/p>\n<p>Cette collaboration d\u00e9montre une fois de plus l\u2019importance accord\u00e9e \u00e0 la qualit\u00e9 aux soins et services de notre \u00e9tablissement!<\/p>\n","protected":false},"excerpt":{"rendered":"<p>Le mois d\u2019avril dernier marquait le premier anniversaire de la formation du comit\u00e9 consultatif national de qualit\u00e9 du Partenariat canadien pour la qualit\u00e9 en radioth\u00e9rapie (PCQR). Regroupant des experts de chaque centre hospitalier canadien offrant des traitements de radioth\u00e9rapie, ce &hellip; <a href=\"https:\/\/santemc.quebec\/icentre\/qualite-des-appareils-en-radiotherapie-un-expert-du-cicm-au-sein-du-comite-national\/\">Continuer la lecture <span class=\"meta-nav\">&rarr;<\/span><\/a><\/p>\n","protected":false},"author":1,"featured_media":0,"comment_status":"open","ping_status":"closed","sticky":false,"template":"","format":"standard","meta":{"footnotes":""},"categories":[1],"tags":[],"_links":{"self":[{"href":"https:\/\/santemc.quebec\/icentre\/wp-json\/wp\/v2\/posts\/4733"}],"collection":[{"href":"https:\/\/santemc.quebec\/icentre\/wp-json\/wp\/v2\/posts"}],"about":[{"href":"https:\/\/santemc.quebec\/icentre\/wp-json\/wp\/v2\/types\/post"}],"author":[{"embeddable":true,"href":"https:\/\/santemc.quebec\/icentre\/wp-json\/wp\/v2\/users\/1"}],"replies":[{"embeddable":true,"href":"https:\/\/santemc.quebec\/icentre\/wp-json\/wp\/v2\/comments?post=4733"}],"version-history":[{"count":2,"href":"https:\/\/santemc.quebec\/icentre\/wp-json\/wp\/v2\/posts\/4733\/revisions"}],"predecessor-version":[{"id":4736,"href":"https:\/\/santemc.quebec\/icentre\/wp-json\/wp\/v2\/posts\/4733\/revisions\/4736"}],"wp:attachment":[{"href":"https:\/\/santemc.quebec\/icentre\/wp-json\/wp\/v2\/media?parent=4733"}],"wp:term":[{"taxonomy":"category","embeddable":true,"href":"https:\/\/santemc.quebec\/icentre\/wp-json\/wp\/v2\/categories?post=4733"},{"taxonomy":"post_tag","embeddable":true,"href":"https:\/\/santemc.quebec\/icentre\/wp-json\/wp\/v2\/tags?post=4733"}],"curies":[{"name":"wp","href":"https:\/\/api.w.org\/{rel}","templated":true}]}}