{"id":4753,"date":"2017-06-05T14:23:12","date_gmt":"2017-06-05T18:23:12","guid":{"rendered":"http:\/\/santemc.quebec\/icentre\/?p=4753"},"modified":"2017-06-05T15:26:33","modified_gmt":"2017-06-05T19:26:33","slug":"bilan-recrutement-200-embauches-depuis-le-1er-avril-copy-copy","status":"publish","type":"post","link":"https:\/\/santemc.quebec\/icentre\/bilan-recrutement-200-embauches-depuis-le-1er-avril-copy-copy\/","title":{"rendered":"Bilan recrutement : 120 nouvelles entr\u00e9es en fonction entre le 12 et le 25 mai"},"content":{"rendered":"<p>Nos efforts se poursuivent dans le recrutement du personnel, notamment pour combler les besoins pendant la p\u00e9riode estivale. Entre le 12 et le 25 mai, 120 \u00a0nouvelles personnes se sont ajout\u00e9es \u00e0 nos \u00e9quipes, ce qui nous am\u00e8ne \u00e0 accueillir 294 nouvelles personnes au sein de notre organisation depuis le 1<sup>er<\/sup> avril.<\/p>\n<p><a href=\"https:\/\/infogr.am\/welcome_your_first_project-9889\" target=\"_blank\" rel=\"noopener noreferrer\"><img decoding=\"async\" loading=\"lazy\" class=\"alignleft wp-image-4791 size-full\" src=\"http:\/\/santemc.quebec\/santemc\/icentre\/wp-content\/uploads\/2017\/05\/20170525.png\" alt=\"\" width=\"811\" height=\"525\" srcset=\"https:\/\/santemc.quebec\/santemc\/icentre\/wp-content\/uploads\/2017\/05\/20170525.png 811w, https:\/\/santemc.quebec\/santemc\/icentre\/wp-content\/uploads\/2017\/05\/20170525-300x194.png 300w, https:\/\/santemc.quebec\/santemc\/icentre\/wp-content\/uploads\/2017\/05\/20170525-768x497.png 768w, https:\/\/santemc.quebec\/santemc\/icentre\/wp-content\/uploads\/2017\/05\/20170525-463x300.png 463w\" sizes=\"(max-width: 811px) 100vw, 811px\" \/><\/a><\/p>\n<p><!--more--><\/p>\n<p>&nbsp;<\/p>\n<p><strong>Nous souhaitons \u00e0 tous les nouveaux employ\u00e9s la bienvenue dans notre organisation!<\/strong><\/p>\n<div style=\"width: 100%; float: left;\">\n<div style=\"width: 45%; float: left;\">\n<p><strong>Pour le RLS Champlain<\/strong><\/p>\n<p><strong>Groupe infirmi\u00e8res (31)<\/strong><\/p>\n<ul>\n<li>Julie Laporte (infimi\u00e8re clinicienne)<\/li>\n<li>Marco Goupil (infirmier clinicien)<\/li>\n<li>Christopher Houle (infirmier clinicien)<\/li>\n<li>H\u00e9l\u00e8ne Feruzi (infirmi\u00e8re)<\/li>\n<li>Jessica Martineau\u00a0(infirmi\u00e8re)<\/li>\n<li>Anne-Jos\u00e9e Ren\u00e9 (infirmi\u00e8re)<\/li>\n<li>Catherine Rompr\u00e9-Cholette (infirmi\u00e8re)<\/li>\n<li>Sheena Nepton Lachance (infirmi\u00e8re)<\/li>\n<li>Genevi\u00e8ve Gagn\u00e9 (infirmi\u00e8re)<\/li>\n<li>Djata Doumbia (CEPI)<\/li>\n<li>Cynthia Cadieux (CEPI)<\/li>\n<li>Claudia Charbonneau (CEPI)<\/li>\n<li>Johanie Delarosbil (CEPI)<\/li>\n<li>Marilou Desrochers-Gratton (CEPI)<\/li>\n<li>Alexandrine Dubois (CEPI)<\/li>\n<li>Nikita Gouchie-Provencher (CEPI)<\/li>\n<li>Cynthia Harvey-Jean (CEPI)<\/li>\n<li>Wided Jaziri (CEPI)<\/li>\n<li>Annick Jett\u00e9 (CEPI)<\/li>\n<li>Caritas Kabondo (CEPI)<\/li>\n<li>Janie Laberge (CEPI)<\/li>\n<li>Marianne Leclaire (CEPI)<\/li>\n<li>Fr\u00e9d\u00e9rique Major (CEPI)<\/li>\n<li>Marie Vanessa Nicole (CEPI)<\/li>\n<li>Marie-Claude Paradis (CEPI)<\/li>\n<li>Louisa Razali (CEPI)<\/li>\n<li>Lydia St-Germain (CEPI)<\/li>\n<li>Maude Tessier (CEPI)<\/li>\n<li>Sophie Th\u00e9oret (CEPI)<\/li>\n<li>M\u00e9lissa Turgeon (CEPI)<\/li>\n<li>No\u00e9mie Roy (CEPI)<\/li>\n<\/ul>\n<p><strong>Infirmi\u00e8res auxiliaires (10)<\/strong><\/p>\n<ul>\n<li>Noureddine Souames<\/li>\n<li>Samantha Ashley Landry<\/li>\n<li>Emilie Morisseau Perron<\/li>\n<li>Cynthia Lestage<\/li>\n<li>Tricya Brault<\/li>\n<li>Karine Gauthier<\/li>\n<li>Iulia Sandru<\/li>\n<li>Marcel Rodrigue Kenfack (CEPIA)<\/li>\n<li>Virginie Soulard (CEPIA)<\/li>\n<li>Karolane M\u00e9thot (CEPIA)<\/li>\n<\/ul>\n<p><strong>Pr\u00e9pos\u00e9es aux b\u00e9n\u00e9ficiaires (1)<\/strong><\/p>\n<ul>\n<li>Catherine Surprenant<\/li>\n<\/ul>\n<p><strong>Personnel\u00a0administratif (16)<\/strong><\/p>\n<ul>\n<li>Julien Bilodeau-Colbert (agent administratif)<\/li>\n<li>Guillaume Lalibert\u00e9 (agent administratif)<\/li>\n<li>Victor Tudoran (agent administratif)<\/li>\n<li>Julie Perreault (agente administrative)<\/li>\n<li>Diane B\u00e9land (agente administrative)<\/li>\n<li>Catherine Gagn\u00e9 (agente administrative)<\/li>\n<li>Marie De Serres (agente administrative)<\/li>\n<li>V\u00e9ronique Le-Brun (agente administrative)<\/li>\n<li>Audrey Ann Cayer (agente administrative)<\/li>\n<li>V\u00e9ronique Loiselle (agente administrative)<\/li>\n<li>Laurie Toutant (agente administrative)<\/li>\n<li>Nathalie Brouillard (agente administratives)<\/li>\n<li>Guylaine Goyette (agente d&rsquo;information)<\/li>\n<li>Sarah Dutilly-Simard (agente planification, programmation et recherche)<\/li>\n<li>Jos\u00e9e \u00c9t\u00e9son (secr\u00e9taire m\u00e9dicale)<\/li>\n<li>Julie Soucy (sp\u00e9cialiste en proc\u00e9d\u00e9s administratifs)<\/li>\n<\/ul>\n<p><strong>Professionnels et techniciens\u00a0en sant\u00e9 services sociaux (23)<\/strong><\/p>\n<ul>\n<li>Laura Jalbert (agente de relations humaines)<\/li>\n<li>Camille L.-Sauv\u00e9 (agente de relations humaines)<\/li>\n<li>Am\u00e9lie Laventure (agente de relations humaines)<\/li>\n<li>M\u00e9lissa H\u00e9bert (agente de relations humaines)<\/li>\n<li>Erika Piccin (agente de relations humaines)<\/li>\n<li>C\u00e9dric Lalibert\u00e9 (assistant technique au laboratoire)<\/li>\n<li>Vincent Paradis (assistant technique au laboratoire)<\/li>\n<li>Camille Bienvenue-L&rsquo;Heureux (assistante technique au laboratoire)<\/li>\n<li>Maude Chouinard (assistante technique au laboratoire)<\/li>\n<li>Joanie Grimard-Michaud (assistante technique au laboratoire)<\/li>\n<li>Ngoc Hoa Tran (assistante technique au laboratoire)<\/li>\n<li>Audrey-Anne D\u00e9ry (assistante technique au laboratoire)<\/li>\n<li>Cindy Grant Thomas (assistante technique au laboratoire)<\/li>\n<li>M\u00e9lanie Karmali (assistante technique pharmacie)<\/li>\n<li>Patricia Giovanna Sotomayor Camargo (assistante technique pharmacie)<\/li>\n<li>Marie-H\u00e9l\u00e8ne Taschereau (ergoth\u00e9rapeute)<\/li>\n<li>Jessica Tran (ergoth\u00e9rapeute)<\/li>\n<li>M\u00e9lina Sarlabous (externe en technologies m\u00e9dicales)<\/li>\n<li>Maude Gaudreau (technicienne de laboratoire m\u00e9dical)<\/li>\n<li>Vanessa Robertson (technicienne de laboratoire m\u00e9dical)<\/li>\n<li>Caroline Gagn\u00e9 (technicienne en assistance sociale)<\/li>\n<li>Marie Pier Bouliane (technologiste m\u00e9dicale)<\/li>\n<li>Caroline Lemieux (travailleuse sociale)<\/li>\n<\/ul>\n<p><strong>Personnel de\u00a0soutien (11)<\/strong><\/p>\n<ul>\n<li>Emile Avery-Veilleux (pr\u00e9pos\u00e9 \u00e0 l&rsquo;entretien m\u00e9nager)<\/li>\n<li>Thibaud Des Bois-Warnock (pr\u00e9pos\u00e9 au service alimentaire)<\/li>\n<li>F\u00e9lix Germain (pr\u00e9pos\u00e9 entretien m\u00e9nager)<\/li>\n<li>Jos\u00e9e Juillet (pr\u00e9pos\u00e9e \u00e0 l&rsquo;entretien m\u00e9nager)<\/li>\n<li>Fatima Mouhsini (pr\u00e9pos\u00e9e \u00e0 l&rsquo;entretien m\u00e9nager)<\/li>\n<li>Benjamin Boudet (op\u00e9rateur en informatique)<\/li>\n<li>Alex Cournoyer (op\u00e9rateur en informatique)<\/li>\n<li>Jonathan Des Lauriers (op\u00e9rateur en informatique)<\/li>\n<li>Gr\u00e9goire Dufault (op\u00e9rateur en informatique)<\/li>\n<li>Mathieu Salois-Trudeau (op\u00e9rateur en informatique)<\/li>\n<li>Patrick Thompson (op\u00e9rateur en informatique)<\/li>\n<\/ul>\n<\/div>\n<div style=\"width: 10%; float: left;\">\n<p>&nbsp;<\/p>\n<\/div>\n<div style=\"width: 45%; float: left;\">\n<p><strong>Pour le RLS\u00a0du Haut-Richelieu &#8211; Rouville<\/strong><\/p>\n<p><strong>Groupe infirmi\u00e8res (16)<\/strong><\/p>\n<ul>\n<li>Lyne Perreault<\/li>\n<li>Caroline Janvier<\/li>\n<li>Carmen Veillet<\/li>\n<li>Anipier Bilodeau-Paquet (CEPI)<\/li>\n<li>Laurence Carreau (CEPI)<\/li>\n<li>Marie-Christine Charest (CEPI)<\/li>\n<li>F\u00e9lix Clarkson (CEPI)<\/li>\n<li>Sophie Couture (CEPI)<\/li>\n<li>Marie-Christine Dauray (CEPI)<\/li>\n<li>Joanie Davrieux-Labelle (CEPI)<\/li>\n<li>Laurie Foucreault (CEPI)<\/li>\n<li>Laurence Girard (CEPI)<\/li>\n<li>Andr\u00e9anne Guay-Bilodeau (CEPI)<\/li>\n<li>Camille Latreille (CEPI)<\/li>\n<li>Laurence Martin (CEPI)<\/li>\n<li>Marie-Mich\u00e8le Thibodeau (CEPI)<\/li>\n<\/ul>\n<p><strong>Infirmi\u00e8res auxiliaires (4)<\/strong><\/p>\n<ul>\n<li>\u00c9douard Aluc<\/li>\n<li>Alexandra Claveau<\/li>\n<li>Annie Dufour<\/li>\n<li>Anabel Sabourin-Rousseau<\/li>\n<\/ul>\n<p><strong>Personnel\u00a0administratif (5)<\/strong><\/p>\n<ul>\n<li>Laurence Laforest (agente administrative)<\/li>\n<li>Lynda Beaudoin\u00a0(agente administrative)<\/li>\n<li>Kassandra Rousseau\u00a0(agente administrative)<\/li>\n<li>Martine Daunais\u00a0(agente administrative)<\/li>\n<li>Lucie Roger (technicienne administrative)<\/li>\n<\/ul>\n<p><strong><b>Personnel\u00a0de soutien\u00a0(3)<\/b><\/strong><\/p>\n<ul>\n<li>Marie-Chantal Roch (aide de service)<\/li>\n<li>Hadjira Tarafi (aide de service)<\/li>\n<li>Parhannson Cadet\u00a0(aide de service)<\/li>\n<\/ul>\n<\/div>\n<\/div>\n<p>&nbsp;<\/p>\n","protected":false},"excerpt":{"rendered":"<p>Nos efforts se poursuivent dans le recrutement du personnel, notamment pour combler les besoins pendant la p\u00e9riode estivale. Entre le 12 et le 25 mai, 120 \u00a0nouvelles personnes se sont ajout\u00e9es \u00e0 nos \u00e9quipes, ce qui nous am\u00e8ne \u00e0 accueillir &hellip; <a href=\"https:\/\/santemc.quebec\/icentre\/bilan-recrutement-200-embauches-depuis-le-1er-avril-copy-copy\/\">Continuer la lecture <span class=\"meta-nav\">&rarr;<\/span><\/a><\/p>\n","protected":false},"author":1,"featured_media":0,"comment_status":"open","ping_status":"closed","sticky":false,"template":"","format":"standard","meta":{"footnotes":""},"categories":[91],"tags":[],"_links":{"self":[{"href":"https:\/\/santemc.quebec\/icentre\/wp-json\/wp\/v2\/posts\/4753"}],"collection":[{"href":"https:\/\/santemc.quebec\/icentre\/wp-json\/wp\/v2\/posts"}],"about":[{"href":"https:\/\/santemc.quebec\/icentre\/wp-json\/wp\/v2\/types\/post"}],"author":[{"embeddable":true,"href":"https:\/\/santemc.quebec\/icentre\/wp-json\/wp\/v2\/users\/1"}],"replies":[{"embeddable":true,"href":"https:\/\/santemc.quebec\/icentre\/wp-json\/wp\/v2\/comments?post=4753"}],"version-history":[{"count":30,"href":"https:\/\/santemc.quebec\/icentre\/wp-json\/wp\/v2\/posts\/4753\/revisions"}],"predecessor-version":[{"id":4897,"href":"https:\/\/santemc.quebec\/icentre\/wp-json\/wp\/v2\/posts\/4753\/revisions\/4897"}],"wp:attachment":[{"href":"https:\/\/santemc.quebec\/icentre\/wp-json\/wp\/v2\/media?parent=4753"}],"wp:term":[{"taxonomy":"category","embeddable":true,"href":"https:\/\/santemc.quebec\/icentre\/wp-json\/wp\/v2\/categories?post=4753"},{"taxonomy":"post_tag","embeddable":true,"href":"https:\/\/santemc.quebec\/icentre\/wp-json\/wp\/v2\/tags?post=4753"}],"curies":[{"name":"wp","href":"https:\/\/api.w.org\/{rel}","templated":true}]}}