{"id":4785,"date":"2017-05-26T10:27:09","date_gmt":"2017-05-26T14:27:09","guid":{"rendered":"http:\/\/santemc.quebec\/icentre\/?p=4785"},"modified":"2017-05-26T10:57:13","modified_gmt":"2017-05-26T14:57:13","slug":"un-succes-pour-le-premier-projet-virtuose","status":"publish","type":"post","link":"https:\/\/santemc.quebec\/icentre\/un-succes-pour-le-premier-projet-virtuose\/","title":{"rendered":"Un succ\u00e8s pour le premier projet VIRTUOSE!"},"content":{"rendered":"<p>En f\u00e9vrier 2016, la Direction des services multidisciplinaires a lanc\u00e9 un appel de candidatures pour les projets VIRTUOSE. Le premier projet est maintenant r\u00e9alis\u00e9!<\/p>\n<p>Se basant sur les donn\u00e9es probantes, qui tendent \u00e0 d\u00e9montrer l\u2019impact positif des groupes de socialisation pour les adolescents avec un trouble du spectre de l\u2019autisme (TSA) et des groupes de soutien pour leurs parents, les ateliers \u00ab\u00a0<em>Ado unique, parent unique\u00a0: une famille exceptionnelle <\/em>\u00bb ont \u00e9t\u00e9 anim\u00e9s par Mmes Val\u00e9rie Serres, psycho\u00e9ducatrice et Maryl\u00e8ne Poudrier, travailleuse sociale et sexologue, toutes deux au programme DI-DP-TSA. Huit rencontres par groupe ont \u00e9t\u00e9 offertes, en alternant aux semaines entre les parents et les adolescents.<!--more--><\/p>\n<p>Au CLSC de Richelieu, les parents ont pu profiter de l\u2019expertise et du soutien des intervenantes, notamment afin de mieux comprendre l\u2019impact du TSA sur la p\u00e9riode de l\u2019adolescence, pr\u00e9venir l\u2019\u00e9puisement parental, d\u00e9velopper des habilet\u00e9s de communication et des strat\u00e9gies \u00e9ducatives, soutenir leur jeune dans l\u2019apprentissage de l\u2019autonomie et des responsabilit\u00e9s, et composer avec la gestion de l\u2019anxi\u00e9t\u00e9, l\u2019intimidation et les r\u00e9seaux sociaux. Les rencontres ont connu un vif succ\u00e8s : 100 % des parents ont mentionn\u00e9 \u00eatre satisfaits ou extr\u00eamement satisfaits. Ils ont \u00e9galement soulign\u00e9 \u00e0 quel point les \u00e9changes avec les autres parents avaient \u00e9t\u00e9 appr\u00e9ci\u00e9s.<\/p>\n<p>De leur c\u00f4t\u00e9, les adolescents ont \u00e9galement appr\u00e9ci\u00e9 l\u2019exp\u00e9rience. Plusieurs th\u00e8mes ont \u00e9t\u00e9 abord\u00e9s avec eux\u00a0: communication parents-ados, r\u00e9solution de conflits, gestion des \u00e9motions, intimidation, affirmation de soi, r\u00e9seaux sociaux, etc. Ils ont travaill\u00e9 en \u00e9quipe afin de concevoir et produire un court m\u00e9trage, qui a \u00e9t\u00e9 pr\u00e9sent\u00e9 aux parents. Cette production a \u00e9t\u00e9 r\u00e9alis\u00e9e gr\u00e2ce \u00e0 la pr\u00e9cieuse collaboration de l\u2019organisme Projet int\u00e9gration Autismopolis, \u00e0 Saint-Jean-sur-Richelieu, qui a fourni les locaux, le soutien mat\u00e9riel et technique ainsi qu\u2019un intervenant multim\u00e9dia. Les jeunes ont \u00e9galement pu compter sur la pr\u00e9sence d\u2019un mentor adulte b\u00e9n\u00e9vole, lui-m\u00eame avec un diagnostic de TSA.<\/p>\n<p>F\u00e9licitations aux deux intervenantes, qui ont men\u00e9 ce projet avec passion et engagement!<\/p>\n","protected":false},"excerpt":{"rendered":"<p>En f\u00e9vrier 2016, la Direction des services multidisciplinaires a lanc\u00e9 un appel de candidatures pour les projets VIRTUOSE. Le premier projet est maintenant r\u00e9alis\u00e9! Se basant sur les donn\u00e9es probantes, qui tendent \u00e0 d\u00e9montrer l\u2019impact positif des groupes de socialisation &hellip; <a href=\"https:\/\/santemc.quebec\/icentre\/un-succes-pour-le-premier-projet-virtuose\/\">Continuer la lecture <span class=\"meta-nav\">&rarr;<\/span><\/a><\/p>\n","protected":false},"author":26,"featured_media":0,"comment_status":"open","ping_status":"closed","sticky":false,"template":"","format":"standard","meta":{"footnotes":""},"categories":[1],"tags":[],"_links":{"self":[{"href":"https:\/\/santemc.quebec\/icentre\/wp-json\/wp\/v2\/posts\/4785"}],"collection":[{"href":"https:\/\/santemc.quebec\/icentre\/wp-json\/wp\/v2\/posts"}],"about":[{"href":"https:\/\/santemc.quebec\/icentre\/wp-json\/wp\/v2\/types\/post"}],"author":[{"embeddable":true,"href":"https:\/\/santemc.quebec\/icentre\/wp-json\/wp\/v2\/users\/26"}],"replies":[{"embeddable":true,"href":"https:\/\/santemc.quebec\/icentre\/wp-json\/wp\/v2\/comments?post=4785"}],"version-history":[{"count":2,"href":"https:\/\/santemc.quebec\/icentre\/wp-json\/wp\/v2\/posts\/4785\/revisions"}],"predecessor-version":[{"id":4787,"href":"https:\/\/santemc.quebec\/icentre\/wp-json\/wp\/v2\/posts\/4785\/revisions\/4787"}],"wp:attachment":[{"href":"https:\/\/santemc.quebec\/icentre\/wp-json\/wp\/v2\/media?parent=4785"}],"wp:term":[{"taxonomy":"category","embeddable":true,"href":"https:\/\/santemc.quebec\/icentre\/wp-json\/wp\/v2\/categories?post=4785"},{"taxonomy":"post_tag","embeddable":true,"href":"https:\/\/santemc.quebec\/icentre\/wp-json\/wp\/v2\/tags?post=4785"}],"curies":[{"name":"wp","href":"https:\/\/api.w.org\/{rel}","templated":true}]}}