{"id":479,"date":"2015-06-30T15:50:09","date_gmt":"2015-06-30T19:50:09","guid":{"rendered":"http:\/\/santemc.quebec\/icentre\/?p=479"},"modified":"2015-06-30T15:50:09","modified_gmt":"2015-06-30T19:50:09","slug":"nomination-de-la-coordonnatrice-interimaire-medecine-specialisee-services-ambulatoires","status":"publish","type":"post","link":"https:\/\/santemc.quebec\/icentre\/nomination-de-la-coordonnatrice-interimaire-medecine-specialisee-services-ambulatoires\/","title":{"rendered":"Nomination de la coordonnatrice int\u00e9rimaire m\u00e9decine sp\u00e9cialis\u00e9e \u2013 services ambulatoires"},"content":{"rendered":"<p>C\u2019est avec plaisir que nous vous annon\u00e7ons la nomination de madame Julie Faucher \u00e0 titre de coordonnatrice int\u00e9rimaire m\u00e9decine sp\u00e9cialis\u00e9e \u2013 services ambulatoires, \u00e0 la direction adjointe des soins infirmiers \u2013 Regroupements client\u00e8les, pour le CISSS de la Mont\u00e9r\u00e9gie-Centre.<!--more-->Mme Faucher poss\u00e8de plus de 23 ann\u00e9es d\u2019exp\u00e9riences dont 8 ans \u00e0 titre de gestionnaire. Jusqu\u2019\u00e0 sa nomination, Mme Faucher \u00e9tait coordonnatrice clinico-administrative des services ambulatoires et des cliniques externes \u00e0 l\u2019H\u00f4pital Charles-Le Moyne.<\/p>\n<p>Mme Faucher est d\u00e9tentrice d\u2019un baccalaur\u00e9at en sciences infirmi\u00e8res de l\u2019Universit\u00e9 de Montr\u00e9al ainsi que d\u2019une ma\u00eetrise en gestion et en d\u00e9veloppement des organisations de l\u2019Universit\u00e9 de Laval. Elle est reconnue pour sa rigueur et sa capacit\u00e9 \u00e0 g\u00e9rer des situations complexes. Elle a eu \u00e0 d\u00e9velopper plusieurs programmes dans le cadre de ses fonctions et elle l\u2019a toujours fait dans un souci de la qualit\u00e9 des services offerts \u00e0 la client\u00e8le.<\/p>\n<p>Nous sommes tr\u00e8s heureux qu\u2019elle se joigne \u00e0 l\u2019\u00e9quipe de la direction des soins infirmiers du CISSS de la Mont\u00e9r\u00e9gie-Centre et nous lui souhaitons la meilleure des chances dans l\u2019exercice de ses nouvelles fonctions, et tout le succ\u00e8s voulu dans la poursuite de sa carri\u00e8re.<\/p>\n","protected":false},"excerpt":{"rendered":"<p>C\u2019est avec plaisir que nous vous annon\u00e7ons la nomination de madame Julie Faucher \u00e0 titre de coordonnatrice int\u00e9rimaire m\u00e9decine sp\u00e9cialis\u00e9e \u2013 services ambulatoires, \u00e0 la direction adjointe des soins infirmiers \u2013 Regroupements client\u00e8les, pour le CISSS de la Mont\u00e9r\u00e9gie-Centre.<\/p>\n","protected":false},"author":1,"featured_media":0,"comment_status":"open","ping_status":"closed","sticky":false,"template":"","format":"standard","meta":{"footnotes":""},"categories":[2],"tags":[8],"_links":{"self":[{"href":"https:\/\/santemc.quebec\/icentre\/wp-json\/wp\/v2\/posts\/479"}],"collection":[{"href":"https:\/\/santemc.quebec\/icentre\/wp-json\/wp\/v2\/posts"}],"about":[{"href":"https:\/\/santemc.quebec\/icentre\/wp-json\/wp\/v2\/types\/post"}],"author":[{"embeddable":true,"href":"https:\/\/santemc.quebec\/icentre\/wp-json\/wp\/v2\/users\/1"}],"replies":[{"embeddable":true,"href":"https:\/\/santemc.quebec\/icentre\/wp-json\/wp\/v2\/comments?post=479"}],"version-history":[{"count":1,"href":"https:\/\/santemc.quebec\/icentre\/wp-json\/wp\/v2\/posts\/479\/revisions"}],"predecessor-version":[{"id":480,"href":"https:\/\/santemc.quebec\/icentre\/wp-json\/wp\/v2\/posts\/479\/revisions\/480"}],"wp:attachment":[{"href":"https:\/\/santemc.quebec\/icentre\/wp-json\/wp\/v2\/media?parent=479"}],"wp:term":[{"taxonomy":"category","embeddable":true,"href":"https:\/\/santemc.quebec\/icentre\/wp-json\/wp\/v2\/categories?post=479"},{"taxonomy":"post_tag","embeddable":true,"href":"https:\/\/santemc.quebec\/icentre\/wp-json\/wp\/v2\/tags?post=479"}],"curies":[{"name":"wp","href":"https:\/\/api.w.org\/{rel}","templated":true}]}}