{"id":4793,"date":"2017-05-26T15:43:54","date_gmt":"2017-05-26T19:43:54","guid":{"rendered":"http:\/\/santemc.quebec\/icentre\/?p=4793"},"modified":"2017-05-26T15:43:54","modified_gmt":"2017-05-26T19:43:54","slug":"assemblees-generales-annuelles-des-comites-des-usagers","status":"publish","type":"post","link":"https:\/\/santemc.quebec\/icentre\/assemblees-generales-annuelles-des-comites-des-usagers\/","title":{"rendered":"Assembl\u00e9es g\u00e9n\u00e9rales annuelles des comit\u00e9s des usagers"},"content":{"rendered":"<p>Les membres des comit\u00e9s des usagers de l\u2019Institut Nazareth et Louis-Braille, du Haut-Richelieu\u2013Rouville ainsi que de Champlain\u2014Charles-Le Moyne vous informent de la tenue prochaine de leurs assembl\u00e9es g\u00e9n\u00e9rales annuelles respectives. \u00c0 cette occasion, vous pourrez prendre connaissance, entre autres, des activit\u00e9s r\u00e9alis\u00e9es pendant l\u2019ann\u00e9e, du rapport annuel et financier 2016-2017 et des priorit\u00e9s 2017-2018.<!--more--><\/p>\n<p><strong>Institut Nazareth et Louis-Braille (INLB)<br \/>\n<\/strong>Le mardi 30 mai de 18 h \u00e0 20 h 30<br \/>\n1111, rue St-Charles Ouest, Tour Ouest, Longueuil, salle Victor-Rousselot, 3<sup>e<\/sup> \u00e9tage<\/p>\n<p><strong>Haut-Richelieu\u2013Rouville<br \/>\n<\/strong>Le mardi 30 mai \u00e0 19 h<br \/>\nCLSC de la Vall\u00e9e-des-Forts, 978, boul. du S\u00e9minaire Nord, Saint-Jean-sur-Richelieu, salle 567-A<\/p>\n<p>Le Comit\u00e9 des usagers Haut-Richelieu\u2013Rouville lancera la 1<sup>re<\/sup> \u00e9dition du Prix reconnaissance de l\u2019usager. Ce prix vise \u00e0 souligner le travail exceptionnel accompli par divers acteurs, b\u00e9n\u00e9voles ou employ\u00e9s du territoire, selon les cinq cat\u00e9gories suivantes\u00a0: B\u00e9n\u00e9vole, Membre du Comit\u00e9 des usagers ou d\u2019un comit\u00e9 de r\u00e9sidents, D\u00e9fense de droits, Membre du personnel et Cadre interm\u00e9diaire.<\/p>\n<p><strong>Champlain\u2014Charles-Le Moyne<\/strong><strong><br \/>\n<\/strong>Le jeudi 8 juin de 16 h \u00e0 18 h<br \/>\nH\u00f4pital Charles-Le Moyne, salle FO-0020<\/p>\n<p>Le Comit\u00e9 des usagers Champlain\u2013Charles-Le Moyne accueillera M. G\u00e9rard Larocque, infirmier clinicien responsable du Programme int\u00e9gr\u00e9 des maladies cardio\u00advasculaires du centre de soins et de services ambulatoires de l\u2019H\u00f4pital Charles-Le Moyne et toute son \u00e9quipe.<\/p>\n<p>Au plaisir de vous accueillir!<\/p>\n<p>&nbsp;<\/p>\n","protected":false},"excerpt":{"rendered":"<p>Les membres des comit\u00e9s des usagers de l\u2019Institut Nazareth et Louis-Braille, du Haut-Richelieu\u2013Rouville ainsi que de Champlain\u2014Charles-Le Moyne vous informent de la tenue prochaine de leurs assembl\u00e9es g\u00e9n\u00e9rales annuelles respectives. \u00c0 cette occasion, vous pourrez prendre connaissance, entre autres, des &hellip; <a href=\"https:\/\/santemc.quebec\/icentre\/assemblees-generales-annuelles-des-comites-des-usagers\/\">Continuer la lecture <span class=\"meta-nav\">&rarr;<\/span><\/a><\/p>\n","protected":false},"author":1,"featured_media":0,"comment_status":"open","ping_status":"closed","sticky":false,"template":"","format":"standard","meta":{"footnotes":""},"categories":[1],"tags":[],"_links":{"self":[{"href":"https:\/\/santemc.quebec\/icentre\/wp-json\/wp\/v2\/posts\/4793"}],"collection":[{"href":"https:\/\/santemc.quebec\/icentre\/wp-json\/wp\/v2\/posts"}],"about":[{"href":"https:\/\/santemc.quebec\/icentre\/wp-json\/wp\/v2\/types\/post"}],"author":[{"embeddable":true,"href":"https:\/\/santemc.quebec\/icentre\/wp-json\/wp\/v2\/users\/1"}],"replies":[{"embeddable":true,"href":"https:\/\/santemc.quebec\/icentre\/wp-json\/wp\/v2\/comments?post=4793"}],"version-history":[{"count":1,"href":"https:\/\/santemc.quebec\/icentre\/wp-json\/wp\/v2\/posts\/4793\/revisions"}],"predecessor-version":[{"id":4794,"href":"https:\/\/santemc.quebec\/icentre\/wp-json\/wp\/v2\/posts\/4793\/revisions\/4794"}],"wp:attachment":[{"href":"https:\/\/santemc.quebec\/icentre\/wp-json\/wp\/v2\/media?parent=4793"}],"wp:term":[{"taxonomy":"category","embeddable":true,"href":"https:\/\/santemc.quebec\/icentre\/wp-json\/wp\/v2\/categories?post=4793"},{"taxonomy":"post_tag","embeddable":true,"href":"https:\/\/santemc.quebec\/icentre\/wp-json\/wp\/v2\/tags?post=4793"}],"curies":[{"name":"wp","href":"https:\/\/api.w.org\/{rel}","templated":true}]}}