{"id":4797,"date":"2017-05-26T15:46:10","date_gmt":"2017-05-26T19:46:10","guid":{"rendered":"http:\/\/santemc.quebec\/icentre\/?p=4797"},"modified":"2017-05-26T15:58:50","modified_gmt":"2017-05-26T19:58:50","slug":"nouvelle-urgence-de-lhopital-charles-le-moyne-ca-sen-vient","status":"publish","type":"post","link":"https:\/\/santemc.quebec\/icentre\/nouvelle-urgence-de-lhopital-charles-le-moyne-ca-sen-vient\/","title":{"rendered":"Nouvelle urgence de l\u2019H\u00f4pital Charles-Le Moyne : \u00e7a s\u2019en vient!"},"content":{"rendered":"<p><a href=\"http:\/\/santemc.quebec\/santemc\/icentre\/wp-content\/uploads\/2017\/05\/ENTR\u00c9E-copy.jpg\"><img decoding=\"async\" loading=\"lazy\" class=\"alignleft size-medium wp-image-4799\" src=\"http:\/\/santemc.quebec\/santemc\/icentre\/wp-content\/uploads\/2017\/05\/ENTR\u00c9E-copy-300x206.jpg\" alt=\"\" width=\"300\" height=\"206\" srcset=\"https:\/\/santemc.quebec\/santemc\/icentre\/wp-content\/uploads\/2017\/05\/ENTR\u00c9E-copy-300x206.jpg 300w, https:\/\/santemc.quebec\/santemc\/icentre\/wp-content\/uploads\/2017\/05\/ENTR\u00c9E-copy-768x527.jpg 768w, https:\/\/santemc.quebec\/santemc\/icentre\/wp-content\/uploads\/2017\/05\/ENTR\u00c9E-copy-1024x702.jpg 1024w, https:\/\/santemc.quebec\/santemc\/icentre\/wp-content\/uploads\/2017\/05\/ENTR\u00c9E-copy-438x300.jpg 438w, https:\/\/santemc.quebec\/santemc\/icentre\/wp-content\/uploads\/2017\/05\/ENTR\u00c9E-copy.jpg 1680w\" sizes=\"(max-width: 300px) 100vw, 300px\" \/><\/a>Les derniers pr\u00e9paratifs vont bon train en pr\u00e9vision de l\u2019ouverture prochaine de la nouvelle urgence de l\u2019H\u00f4pital Charles-Le Moyne! En plus des travaux de finition, plusieurs installations d\u2019\u00e9quipements, dont tout le mat\u00e9riel informatique et le mat\u00e9riel de soins, se d\u00e9roulent pr\u00e9sentement dans les nouveaux locaux.<\/p>\n<p>Les employ\u00e9s de l\u2019urgence ont commenc\u00e9, au cours des derniers jours, des s\u00e9ances de formation afin de se pr\u00e9parer \u00e0 la nouvelle organisation de travail. Ils sont notamment appel\u00e9s \u00e0 se familiariser avec les \u00e9quipements et leur localisation dans l\u2019urgence ainsi qu\u2019\u00e0 apprivoiser leur nouvel environnement de travail.<!--more--><\/p>\n<p>Le transfert des patients et le d\u00e9marrage des activit\u00e9s sont pr\u00e9vus pour le d\u00e9but du mois de juin. Restez \u00e0 l\u2019aff\u00fbt, d\u2019autres informations vous seront achemin\u00e9es \u00e0 cet effet!<\/p>\n<p>&nbsp;<\/p>\n","protected":false},"excerpt":{"rendered":"<p>Les derniers pr\u00e9paratifs vont bon train en pr\u00e9vision de l\u2019ouverture prochaine de la nouvelle urgence de l\u2019H\u00f4pital Charles-Le Moyne! En plus des travaux de finition, plusieurs installations d\u2019\u00e9quipements, dont tout le mat\u00e9riel informatique et le mat\u00e9riel de soins, se d\u00e9roulent &hellip; <a href=\"https:\/\/santemc.quebec\/icentre\/nouvelle-urgence-de-lhopital-charles-le-moyne-ca-sen-vient\/\">Continuer la lecture <span class=\"meta-nav\">&rarr;<\/span><\/a><\/p>\n","protected":false},"author":1,"featured_media":0,"comment_status":"open","ping_status":"closed","sticky":false,"template":"","format":"standard","meta":{"footnotes":""},"categories":[1],"tags":[],"_links":{"self":[{"href":"https:\/\/santemc.quebec\/icentre\/wp-json\/wp\/v2\/posts\/4797"}],"collection":[{"href":"https:\/\/santemc.quebec\/icentre\/wp-json\/wp\/v2\/posts"}],"about":[{"href":"https:\/\/santemc.quebec\/icentre\/wp-json\/wp\/v2\/types\/post"}],"author":[{"embeddable":true,"href":"https:\/\/santemc.quebec\/icentre\/wp-json\/wp\/v2\/users\/1"}],"replies":[{"embeddable":true,"href":"https:\/\/santemc.quebec\/icentre\/wp-json\/wp\/v2\/comments?post=4797"}],"version-history":[{"count":2,"href":"https:\/\/santemc.quebec\/icentre\/wp-json\/wp\/v2\/posts\/4797\/revisions"}],"predecessor-version":[{"id":4800,"href":"https:\/\/santemc.quebec\/icentre\/wp-json\/wp\/v2\/posts\/4797\/revisions\/4800"}],"wp:attachment":[{"href":"https:\/\/santemc.quebec\/icentre\/wp-json\/wp\/v2\/media?parent=4797"}],"wp:term":[{"taxonomy":"category","embeddable":true,"href":"https:\/\/santemc.quebec\/icentre\/wp-json\/wp\/v2\/categories?post=4797"},{"taxonomy":"post_tag","embeddable":true,"href":"https:\/\/santemc.quebec\/icentre\/wp-json\/wp\/v2\/tags?post=4797"}],"curies":[{"name":"wp","href":"https:\/\/api.w.org\/{rel}","templated":true}]}}