{"id":481,"date":"2015-06-30T15:51:09","date_gmt":"2015-06-30T19:51:09","guid":{"rendered":"http:\/\/santemc.quebec\/icentre\/?p=481"},"modified":"2015-06-30T15:51:09","modified_gmt":"2015-06-30T19:51:09","slug":"nomination-de-la-coordonnatrice-interimaire-medecine-chirurgie","status":"publish","type":"post","link":"https:\/\/santemc.quebec\/icentre\/nomination-de-la-coordonnatrice-interimaire-medecine-chirurgie\/","title":{"rendered":"Nomination de la coordonnatrice int\u00e9rimaire m\u00e9decine &#8211; chirurgie"},"content":{"rendered":"<p>C\u2019est avec plaisir que nous vous annon\u00e7ons la nomination de madame Lynda Dufresne \u00e0 titre de coordonnatrice int\u00e9rimaire m\u00e9decine \u2013 chirurgie, \u00e0 la direction adjointe des soins infirmiers \u2013 Regroupements client\u00e8les, pour le CISSS de la Mont\u00e9r\u00e9gie-Centre.<!--more-->Madame Dufresne poss\u00e8de plus de 28 ann\u00e9es d\u2019exp\u00e9riences cliniques et de gestion dans le r\u00e9seau de la sant\u00e9 et des services sociaux. Elle occupait, depuis novembre dernier, le poste d\u2019adjointe \u00e0 la direction m\u00e9decine, services sp\u00e9cialis\u00e9s et services ambulatoires. Auparavant, elle \u00e9tait cadre-conseil \u00e0 la direction des soins infirmiers du CSSS Haut-Richelieu \u2014 Rouville.<\/p>\n<p>Mme Dufresne est d\u00e9tentrice d\u2019un baccalaur\u00e9at en sciences infirmi\u00e8res de l\u2019Universit\u00e9 de Montr\u00e9al ainsi que d\u2019une ma\u00eetrise en \u00e9ducation. Au fil des ann\u00e9es, Mme Dufresne s\u2019est d\u00e9marqu\u00e9e par ses comp\u00e9tences en gestion du changement de m\u00eame que par l\u2019exercice de son leadership mobilisateur aupr\u00e8s des \u00e9quipes de soins, des gestionnaires et des \u00e9quipes m\u00e9dicales.<\/p>\n<p>Nous sommes tr\u00e8s heureux qu\u2019elle se joigne \u00e0 l\u2019\u00e9quipe de la direction des soins infirmiers du CISSS de la Mont\u00e9r\u00e9gie-Centre et nous lui souhaitons la meilleure des chances dans l\u2019exercice de ses nouvelles fonctions, et tout le succ\u00e8s voulu dans la poursuite de sa carri\u00e8re.<\/p>\n","protected":false},"excerpt":{"rendered":"<p>C\u2019est avec plaisir que nous vous annon\u00e7ons la nomination de madame Lynda Dufresne \u00e0 titre de coordonnatrice int\u00e9rimaire m\u00e9decine \u2013 chirurgie, \u00e0 la direction adjointe des soins infirmiers \u2013 Regroupements client\u00e8les, pour le CISSS de la Mont\u00e9r\u00e9gie-Centre.<\/p>\n","protected":false},"author":1,"featured_media":0,"comment_status":"open","ping_status":"closed","sticky":false,"template":"","format":"standard","meta":{"footnotes":""},"categories":[2],"tags":[8],"_links":{"self":[{"href":"https:\/\/santemc.quebec\/icentre\/wp-json\/wp\/v2\/posts\/481"}],"collection":[{"href":"https:\/\/santemc.quebec\/icentre\/wp-json\/wp\/v2\/posts"}],"about":[{"href":"https:\/\/santemc.quebec\/icentre\/wp-json\/wp\/v2\/types\/post"}],"author":[{"embeddable":true,"href":"https:\/\/santemc.quebec\/icentre\/wp-json\/wp\/v2\/users\/1"}],"replies":[{"embeddable":true,"href":"https:\/\/santemc.quebec\/icentre\/wp-json\/wp\/v2\/comments?post=481"}],"version-history":[{"count":1,"href":"https:\/\/santemc.quebec\/icentre\/wp-json\/wp\/v2\/posts\/481\/revisions"}],"predecessor-version":[{"id":482,"href":"https:\/\/santemc.quebec\/icentre\/wp-json\/wp\/v2\/posts\/481\/revisions\/482"}],"wp:attachment":[{"href":"https:\/\/santemc.quebec\/icentre\/wp-json\/wp\/v2\/media?parent=481"}],"wp:term":[{"taxonomy":"category","embeddable":true,"href":"https:\/\/santemc.quebec\/icentre\/wp-json\/wp\/v2\/categories?post=481"},{"taxonomy":"post_tag","embeddable":true,"href":"https:\/\/santemc.quebec\/icentre\/wp-json\/wp\/v2\/tags?post=481"}],"curies":[{"name":"wp","href":"https:\/\/api.w.org\/{rel}","templated":true}]}}