{"id":483,"date":"2015-07-01T15:06:21","date_gmt":"2015-07-01T19:06:21","guid":{"rendered":"http:\/\/santemc.quebec\/icentre\/?p=483"},"modified":"2015-07-01T15:10:21","modified_gmt":"2015-07-01T19:10:21","slug":"en-cette-periode-de-demenagements-soyez-aux-aguets-des-punaises-de-lits","status":"publish","type":"post","link":"https:\/\/santemc.quebec\/icentre\/en-cette-periode-de-demenagements-soyez-aux-aguets-des-punaises-de-lits\/","title":{"rendered":"En cette p\u00e9riode de d\u00e9m\u00e9nagements, soyez aux aguets des punaises de lits!"},"content":{"rendered":"<p>Qui dit d\u00e9m\u00e9nagements dit gare aux punaises des lits! Cette pr\u00e9occupation, des plus actuelles chez les travailleurs de la sant\u00e9, fait depuis peu l\u2019objet d\u2019un tout nouveau d\u00e9pliant \u00e9mis par le minist\u00e8re de la Sant\u00e9 et des Services sociaux. <!--more--><\/p>\n<p>Intitul\u00e9 <em>Punaises de lit \u2013 pr\u00e9vention et intervention<\/em>, il contient les renseignements de base et recommandations \u00e0 communiquer pour intervenir ad\u00e9quatement afin de pr\u00e9venir de nouvelles infestations. Notez, entre autres nouveaut\u00e9s, que la temp\u00e9rature recommand\u00e9e pour l\u2019option du cong\u00e9lateur n\u2019est plus de -17 \u00b0C (en 2013), mais bien de -18 \u00b0C.<\/p>\n<p>Le d\u00e9pliant est disponible \u00e0 l\u2019adresse en cliquant sur ce <a href=\"http:\/\/publications.msss.gouv.qc.ca\/acrobat\/f\/documentation\/2014\/14-206-01F.pdf\" target=\"_blank\">lien.<\/a><\/p>\n<p>De plus, le minist\u00e8re a mis \u00e0 jour l\u2019information au sujet des punaises de lit dans la section <a href=\"http:\/\/www.msss.gouv.qc.ca\/professionnels\/punaises-de-lit\/en-savoir-plus.php\" target=\"_blank\"><em>Information pour les professionnels de la sant\u00e9 <\/em><\/a>de son site internet, ainsi que sur son <em><a href=\"http:\/\/sante.gouv.qc.ca\/conseils-et-prevention\/reconnaitre-les-punaises-de-lit-et-en-prevenir-l-infestation\/\" target=\"_blank\">Portail sant\u00e9 mieux-\u00eatre<\/a><\/em>.<\/p>\n","protected":false},"excerpt":{"rendered":"<p>Qui dit d\u00e9m\u00e9nagements dit gare aux punaises des lits! Cette pr\u00e9occupation, des plus actuelles chez les travailleurs de la sant\u00e9, fait depuis peu l\u2019objet d\u2019un tout nouveau d\u00e9pliant \u00e9mis par le minist\u00e8re de la Sant\u00e9 et des Services sociaux.<\/p>\n","protected":false},"author":2,"featured_media":0,"comment_status":"open","ping_status":"closed","sticky":false,"template":"","format":"standard","meta":{"footnotes":""},"categories":[2],"tags":[],"_links":{"self":[{"href":"https:\/\/santemc.quebec\/icentre\/wp-json\/wp\/v2\/posts\/483"}],"collection":[{"href":"https:\/\/santemc.quebec\/icentre\/wp-json\/wp\/v2\/posts"}],"about":[{"href":"https:\/\/santemc.quebec\/icentre\/wp-json\/wp\/v2\/types\/post"}],"author":[{"embeddable":true,"href":"https:\/\/santemc.quebec\/icentre\/wp-json\/wp\/v2\/users\/2"}],"replies":[{"embeddable":true,"href":"https:\/\/santemc.quebec\/icentre\/wp-json\/wp\/v2\/comments?post=483"}],"version-history":[{"count":6,"href":"https:\/\/santemc.quebec\/icentre\/wp-json\/wp\/v2\/posts\/483\/revisions"}],"predecessor-version":[{"id":489,"href":"https:\/\/santemc.quebec\/icentre\/wp-json\/wp\/v2\/posts\/483\/revisions\/489"}],"wp:attachment":[{"href":"https:\/\/santemc.quebec\/icentre\/wp-json\/wp\/v2\/media?parent=483"}],"wp:term":[{"taxonomy":"category","embeddable":true,"href":"https:\/\/santemc.quebec\/icentre\/wp-json\/wp\/v2\/categories?post=483"},{"taxonomy":"post_tag","embeddable":true,"href":"https:\/\/santemc.quebec\/icentre\/wp-json\/wp\/v2\/tags?post=483"}],"curies":[{"name":"wp","href":"https:\/\/api.w.org\/{rel}","templated":true}]}}