{"id":4840,"date":"2017-05-31T16:18:05","date_gmt":"2017-05-31T20:18:05","guid":{"rendered":"http:\/\/santemc.quebec\/icentre\/?p=4840"},"modified":"2017-05-31T16:18:05","modified_gmt":"2017-05-31T20:18:05","slug":"31-mai-journee-mondiale-sans-tabac","status":"publish","type":"post","link":"https:\/\/santemc.quebec\/icentre\/31-mai-journee-mondiale-sans-tabac\/","title":{"rendered":"31 mai : Journ\u00e9e mondiale sans tabac"},"content":{"rendered":"<p>Dans le cadre de la Journ\u00e9e mondiale sans tabac, la ministre d\u00e9l\u00e9gu\u00e9e \u00e0 la R\u00e9adaptation, \u00e0 la Protection de la jeunesse, \u00e0 la Sant\u00e9 publique et aux Saines habitudes de vie, Lucie Charlebois, rappelait dans un communiqu\u00e9 \u00e9mis ce matin l\u2019objectif du gouvernement de faire diminuer \u00e0 10 % la proportion de fumeurs quotidiens ou occasionnels, soit pr\u00e8s de deux fois moins qu\u2019actuellement. \u00c0 cet effet, il est important de souligner le travail colossal de toutes les \u00e9quipes du CISSS qui travaillent quotidiennement \u00e0 am\u00e9liorer la sant\u00e9 de nos usagers en les soutenant dans leur d\u00e9marche d&rsquo;arr\u00eat tabagique.\u00a0Votre travail fait une diff\u00e9rence majeure!<!--more--><\/p>\n<p>D\u2019ailleurs, un comit\u00e9 de projet, pilot\u00e9 par la Direction de la sant\u00e9 publique du CISSS de la Mont\u00e9r\u00e9gie-Centre, a commenc\u00e9 des travaux en mars 2017 dans le but de d\u00e9velopper une politique d\u2019environnements sans fum\u00e9e pour toutes les installations du CISSS. Cette initiative est en lien avec le projet de loi 44 du MSSS visant \u00e0 renforcer la lutte contre le tabagisme. Compos\u00e9 de repr\u00e9sentants de plusieurs directions qui seront directement touch\u00e9es par la cr\u00e9ation d\u2019environnements sans fum\u00e9e, le comit\u00e9 a pour mandat de r\u00e9diger pour l\u2019automne une politique en accord avec la Loi en vigueur, les orientations minist\u00e9rielles et les valeurs de notre CISSS. Au cours des prochains mois, le comit\u00e9 vous informera de l\u2019avanc\u00e9e de ses travaux et des consultations pr\u00e9vues.<\/p>\n<p>Pour plus de renseignements, vous pouvez contacter la responsable du comit\u00e9 de projet sur la politique sans fum\u00e9e, Mme Nathalie Ruest, chef de service local Saines habitudes de vie et environnements sains au 450 462-5182.<\/p>\n","protected":false},"excerpt":{"rendered":"<p>Dans le cadre de la Journ\u00e9e mondiale sans tabac, la ministre d\u00e9l\u00e9gu\u00e9e \u00e0 la R\u00e9adaptation, \u00e0 la Protection de la jeunesse, \u00e0 la Sant\u00e9 publique et aux Saines habitudes de vie, Lucie Charlebois, rappelait dans un communiqu\u00e9 \u00e9mis ce matin &hellip; <a href=\"https:\/\/santemc.quebec\/icentre\/31-mai-journee-mondiale-sans-tabac\/\">Continuer la lecture <span class=\"meta-nav\">&rarr;<\/span><\/a><\/p>\n","protected":false},"author":1,"featured_media":0,"comment_status":"open","ping_status":"closed","sticky":false,"template":"","format":"standard","meta":{"footnotes":""},"categories":[1],"tags":[],"_links":{"self":[{"href":"https:\/\/santemc.quebec\/icentre\/wp-json\/wp\/v2\/posts\/4840"}],"collection":[{"href":"https:\/\/santemc.quebec\/icentre\/wp-json\/wp\/v2\/posts"}],"about":[{"href":"https:\/\/santemc.quebec\/icentre\/wp-json\/wp\/v2\/types\/post"}],"author":[{"embeddable":true,"href":"https:\/\/santemc.quebec\/icentre\/wp-json\/wp\/v2\/users\/1"}],"replies":[{"embeddable":true,"href":"https:\/\/santemc.quebec\/icentre\/wp-json\/wp\/v2\/comments?post=4840"}],"version-history":[{"count":1,"href":"https:\/\/santemc.quebec\/icentre\/wp-json\/wp\/v2\/posts\/4840\/revisions"}],"predecessor-version":[{"id":4841,"href":"https:\/\/santemc.quebec\/icentre\/wp-json\/wp\/v2\/posts\/4840\/revisions\/4841"}],"wp:attachment":[{"href":"https:\/\/santemc.quebec\/icentre\/wp-json\/wp\/v2\/media?parent=4840"}],"wp:term":[{"taxonomy":"category","embeddable":true,"href":"https:\/\/santemc.quebec\/icentre\/wp-json\/wp\/v2\/categories?post=4840"},{"taxonomy":"post_tag","embeddable":true,"href":"https:\/\/santemc.quebec\/icentre\/wp-json\/wp\/v2\/tags?post=4840"}],"curies":[{"name":"wp","href":"https:\/\/api.w.org\/{rel}","templated":true}]}}