{"id":4842,"date":"2017-06-02T09:02:53","date_gmt":"2017-06-02T13:02:53","guid":{"rendered":"http:\/\/santemc.quebec\/icentre\/?p=4842"},"modified":"2017-06-02T09:08:25","modified_gmt":"2017-06-02T13:08:25","slug":"josee-lavigueur-a-votre-rencontre","status":"publish","type":"post","link":"https:\/\/santemc.quebec\/icentre\/josee-lavigueur-a-votre-rencontre\/","title":{"rendered":"Jos\u00e9e Lavigueur \u00e0 votre rencontre"},"content":{"rendered":"<p><a href=\"http:\/\/santemc.quebec\/santemc\/icentre\/wp-content\/uploads\/2017\/06\/D\u00e9fi2017_Jos\u00e9e-et-ambassadeurs.jpg\"><img decoding=\"async\" loading=\"lazy\" class=\"alignleft size-medium wp-image-4843\" src=\"http:\/\/santemc.quebec\/santemc\/icentre\/wp-content\/uploads\/2017\/06\/D\u00e9fi2017_Jos\u00e9e-et-ambassadeurs-300x205.jpg\" alt=\"\" width=\"300\" height=\"205\" srcset=\"https:\/\/santemc.quebec\/santemc\/icentre\/wp-content\/uploads\/2017\/06\/D\u00e9fi2017_Jos\u00e9e-et-ambassadeurs-300x205.jpg 300w, https:\/\/santemc.quebec\/santemc\/icentre\/wp-content\/uploads\/2017\/06\/D\u00e9fi2017_Jos\u00e9e-et-ambassadeurs-768x526.jpg 768w, https:\/\/santemc.quebec\/santemc\/icentre\/wp-content\/uploads\/2017\/06\/D\u00e9fi2017_Jos\u00e9e-et-ambassadeurs-1024x701.jpg 1024w, https:\/\/santemc.quebec\/santemc\/icentre\/wp-content\/uploads\/2017\/06\/D\u00e9fi2017_Jos\u00e9e-et-ambassadeurs-438x300.jpg 438w\" sizes=\"(max-width: 300px) 100vw, 300px\" \/><\/a>C\u2019est dans une ambiance \u00e9lectrisante et rassembleuse qu\u2019a eu lieu, le 25 mai dernier, le lancement du D\u00e9fi des g\u00e9n\u00e9rations contre le cancer \u00e0 l\u2019H\u00f4pital Charles-Le Moyne. Des centaines d\u2019employ\u00e9s, de m\u00e9decins et de patients ont particip\u00e9 \u00e0 une pause \u00e9nergisante anim\u00e9e par Jos\u00e9e Lavigueur, porte-parole de l\u2019\u00e9v\u00e9nement.<!--more--><\/p>\n<p>Apr\u00e8s avoir fait bouger les gens venus la saluer, Jos\u00e9e Lavigueur est all\u00e9e \u00e0 la rencontre des patients et des \u00e9quipes de l\u2019H\u00f4pital. Apr\u00e8s s\u2019\u00eatre rendue en oncologie, en radio-oncologie et en hospitalisation oncologique (4<sup>e<\/sup> Sud), elle a visit\u00e9 la p\u00e9diatrie, la psychiatrie et l\u2019orthop\u00e9die. Elle a pris le temps d\u2019\u00e9couter et d\u2019encourager les patients, tout en f\u00e9licitant les \u00e9quipes du travail qu\u2019elles accomplissaient chaque jour.<\/p>\n<p>Si elle accepte ann\u00e9e apr\u00e8s ann\u00e9e d\u2019\u00eatre la porte-parole du D\u00e9fi des g\u00e9n\u00e9rations contre le cancer, c\u2019est que Jos\u00e9e Lavigueur a un attachement sp\u00e9cial \u00e0 l\u2019H\u00f4pital. En effet, lors de ses visites, plusieurs employ\u00e9s se rem\u00e9moraient avec elle les soins qu\u2019ils avaient apport\u00e9s \u00e0 certains membres de sa famille.<\/p>\n<p>\u00ab L\u2019H\u00f4pital Charles-Le Moyne, c\u2019est <em>mon <\/em>H\u00f4pital. Il fait partie de ma vie depuis toujours. J\u2019y ai v\u00e9cu les plus grands bonheurs avec la naissance de ma premi\u00e8re fille, mais j\u2019ai aussi les plus grandes tristesses lorsque mon oncle bien-aim\u00e9 est d\u00e9c\u00e9d\u00e9 du cancer l\u2019ann\u00e9e derni\u00e8re. Dans tous les cas, les soins ont \u00e9t\u00e9 excellents : donn\u00e9s par un personnel attentionn\u00e9 et incroyablement comp\u00e9tent! Si je m\u2019implique encore cette ann\u00e9e pour le D\u00e9fi des g\u00e9n\u00e9rations contre le cancer, c\u2019est que j\u2019ai pu constater la diff\u00e9rence apport\u00e9e par la Fondation dans la vie des patients \u00bb, Jos\u00e9e Lavigueur.<\/p>\n<div style=\"width: 100%; text-align: center;\">\n<p><a href=\"http:\/\/santemc.quebec\/santemc\/icentre\/wp-content\/uploads\/2017\/06\/D\u00e9fi250517-10H.jpg\"><img decoding=\"async\" loading=\"lazy\" class=\"size-medium wp-image-4844\" src=\"http:\/\/santemc.quebec\/santemc\/icentre\/wp-content\/uploads\/2017\/06\/D\u00e9fi250517-10H-300x205.jpg\" alt=\"\" width=\"300\" height=\"205\" srcset=\"https:\/\/santemc.quebec\/santemc\/icentre\/wp-content\/uploads\/2017\/06\/D\u00e9fi250517-10H-300x205.jpg 300w, https:\/\/santemc.quebec\/santemc\/icentre\/wp-content\/uploads\/2017\/06\/D\u00e9fi250517-10H-768x526.jpg 768w, https:\/\/santemc.quebec\/santemc\/icentre\/wp-content\/uploads\/2017\/06\/D\u00e9fi250517-10H-1024x701.jpg 1024w, https:\/\/santemc.quebec\/santemc\/icentre\/wp-content\/uploads\/2017\/06\/D\u00e9fi250517-10H-438x300.jpg 438w\" sizes=\"(max-width: 300px) 100vw, 300px\" \/><\/a>\u00a0\u00a0<a href=\"http:\/\/santemc.quebec\/santemc\/icentre\/wp-content\/uploads\/2017\/06\/D\u00e9fi250517-27H.jpg\"><img decoding=\"async\" loading=\"lazy\" class=\"size-medium wp-image-4845\" src=\"http:\/\/santemc.quebec\/santemc\/icentre\/wp-content\/uploads\/2017\/06\/D\u00e9fi250517-27H-300x200.jpg\" alt=\"\" width=\"300\" height=\"205\" \/><\/a><\/p>\n<\/div>\n<p>En rencontrant les patients atteints de cancer, Jos\u00e9e leur a r\u00e9p\u00e9t\u00e9 \u00e0 maintes reprises\u00a0: \u00ab\u00a0Lors du D\u00e9fi des g\u00e9n\u00e9rations contre le cancer, nous allons courir pour vous. Nous allons vous montrer que nous sommes une communaut\u00e9 enti\u00e8re \u00e0 vous soutenir dans l\u2019\u00e9preuve que vous traversez!\u00a0\u00bb<\/p>\n<p><strong>\u00a0<\/strong><strong>Alors, le 30 septembre prochain, allez-vous courir avec nous pour rappeler aux patients atteints de cancer que face \u00e0 la maladie, ils ne sont pas seuls?\u00a0 <\/strong><\/p>\n<p>Vous pouvez vous inscrire d\u00e8s maintenant, joindre une \u00e9quipe de l\u2019H\u00f4pital et\/ou faire une collecte en ligne. Vous trouverez toute l\u2019information \u00e0 l\u2019adresse suivante : <a href=\"http:\/\/www.fhclm.ca\/activite\/defi-des-generations-contre-le-cancer\/\" target=\"_blank\" rel=\"noopener noreferrer\">http:\/\/www.fhclm.ca\/activite\/defi-des-generations-contre-le-cancer\/<\/a><\/p>\n<p>Visitez la page Facebook de la Fondation pour voir plus de photos du lancement : <a href=\"https:\/\/www.facebook.com\/FondationCharlesLeMoyne\/\" target=\"_blank\" rel=\"noopener noreferrer\">https:\/\/www.facebook.com\/FondationCharlesLeMoyne\/<\/a><\/p>\n","protected":false},"excerpt":{"rendered":"<p>C\u2019est dans une ambiance \u00e9lectrisante et rassembleuse qu\u2019a eu lieu, le 25 mai dernier, le lancement du D\u00e9fi des g\u00e9n\u00e9rations contre le cancer \u00e0 l\u2019H\u00f4pital Charles-Le Moyne. Des centaines d\u2019employ\u00e9s, de m\u00e9decins et de patients ont particip\u00e9 \u00e0 une pause &hellip; <a href=\"https:\/\/santemc.quebec\/icentre\/josee-lavigueur-a-votre-rencontre\/\">Continuer la lecture <span class=\"meta-nav\">&rarr;<\/span><\/a><\/p>\n","protected":false},"author":1,"featured_media":0,"comment_status":"open","ping_status":"closed","sticky":false,"template":"","format":"standard","meta":{"footnotes":""},"categories":[1],"tags":[],"_links":{"self":[{"href":"https:\/\/santemc.quebec\/icentre\/wp-json\/wp\/v2\/posts\/4842"}],"collection":[{"href":"https:\/\/santemc.quebec\/icentre\/wp-json\/wp\/v2\/posts"}],"about":[{"href":"https:\/\/santemc.quebec\/icentre\/wp-json\/wp\/v2\/types\/post"}],"author":[{"embeddable":true,"href":"https:\/\/santemc.quebec\/icentre\/wp-json\/wp\/v2\/users\/1"}],"replies":[{"embeddable":true,"href":"https:\/\/santemc.quebec\/icentre\/wp-json\/wp\/v2\/comments?post=4842"}],"version-history":[{"count":6,"href":"https:\/\/santemc.quebec\/icentre\/wp-json\/wp\/v2\/posts\/4842\/revisions"}],"predecessor-version":[{"id":4851,"href":"https:\/\/santemc.quebec\/icentre\/wp-json\/wp\/v2\/posts\/4842\/revisions\/4851"}],"wp:attachment":[{"href":"https:\/\/santemc.quebec\/icentre\/wp-json\/wp\/v2\/media?parent=4842"}],"wp:term":[{"taxonomy":"category","embeddable":true,"href":"https:\/\/santemc.quebec\/icentre\/wp-json\/wp\/v2\/categories?post=4842"},{"taxonomy":"post_tag","embeddable":true,"href":"https:\/\/santemc.quebec\/icentre\/wp-json\/wp\/v2\/tags?post=4842"}],"curies":[{"name":"wp","href":"https:\/\/api.w.org\/{rel}","templated":true}]}}