{"id":4852,"date":"2017-06-02T09:23:04","date_gmt":"2017-06-02T13:23:04","guid":{"rendered":"http:\/\/santemc.quebec\/icentre\/?p=4852"},"modified":"2017-06-05T14:38:56","modified_gmt":"2017-06-05T18:38:56","slug":"les-dernieres-nominations-de-cadres-intermediaires-9-copy-copy","status":"publish","type":"post","link":"https:\/\/santemc.quebec\/icentre\/les-dernieres-nominations-de-cadres-intermediaires-9-copy-copy\/","title":{"rendered":"Les derni\u00e8res nominations de cadres interm\u00e9diaires"},"content":{"rendered":"<p>Voici les plus r\u00e9centes nominations :<br \/>\n<!--more--><\/p>\n<p><strong>Direction des soins infirmiers<\/strong><\/p>\n<table style=\"width: 75%;\">\n<tbody>\n<tr>\n<td style=\"width: 70%;\">Chef de l&rsquo;unit\u00e9 cardiologie\/gastrologie &#8211; 5e sud &#8211; HCLM (Entr\u00e9e en fonction : 29 mai 2017)<\/td>\n<td style=\"width: 5%;\"><\/td>\n<td style=\"width: 25%;\">Mme Martine Billy<\/td>\n<\/tr>\n<tr>\n<td style=\"width: 70%;\">Chef de service en soins infirmiers sp\u00e9cialis\u00e9s \u2013 D\u00e9veloppement de la pratique et des comp\u00e9tences professionnelles (Entr\u00e9e en fonction : 12 juin 2017)<\/td>\n<td style=\"width: 5%;\"><\/td>\n<td style=\"width: 25%;\">Mme \u00c9lisa G\u00e9linas-Phaneuf<\/td>\n<\/tr>\n<tr>\n<td style=\"width: 70%;\">Adjointe \u00e0 la directrice &#8211; Direction des soins infirmiers (Entr\u00e9e en fonction : 12 juin 2017)<\/td>\n<td style=\"width: 5%;\"><\/td>\n<td style=\"width: 25%;\">Mme Jos\u00e9e Paquin<\/td>\n<\/tr>\n<\/tbody>\n<\/table>\n<p>&nbsp;<\/p>\n<p><strong>Direction de sant\u00e9 publique<\/strong><\/p>\n<table style=\"width: 75%;\">\n<tbody>\n<tr>\n<td style=\"width: 70%;\">Coordonnatrice r\u00e9gionale maladies infectieuses, gestion des menaces et sant\u00e9 environnementale (Entr\u00e9e en fonction : 19 juin 2017)<\/td>\n<td style=\"width: 5%;\"><\/td>\n<td style=\"width: 25%;\">Mme Kareen Nour<\/td>\n<\/tr>\n<\/tbody>\n<\/table>\n<p>&nbsp;<\/p>\n<p><strong>Direction des services professionnels<\/strong><\/p>\n<table style=\"width: 75%;\">\n<tbody>\n<tr>\n<td style=\"width: 70%;\">Chef de service de l&rsquo;urgence \u2013 H\u00f4pital du Haut-Richelieu (remplacement 1 an)<br \/>\n(Entr\u00e9e en fonction : 11 juin 2017)<\/td>\n<td style=\"width: 5%;\"><\/td>\n<td style=\"width: 25%;\">Mme Evelyne Roy<\/td>\n<\/tr>\n<\/tbody>\n<\/table>\n","protected":false},"excerpt":{"rendered":"<p>Voici les plus r\u00e9centes nominations :<\/p>\n","protected":false},"author":1,"featured_media":0,"comment_status":"open","ping_status":"closed","sticky":false,"template":"","format":"standard","meta":{"footnotes":""},"categories":[1],"tags":[8],"_links":{"self":[{"href":"https:\/\/santemc.quebec\/icentre\/wp-json\/wp\/v2\/posts\/4852"}],"collection":[{"href":"https:\/\/santemc.quebec\/icentre\/wp-json\/wp\/v2\/posts"}],"about":[{"href":"https:\/\/santemc.quebec\/icentre\/wp-json\/wp\/v2\/types\/post"}],"author":[{"embeddable":true,"href":"https:\/\/santemc.quebec\/icentre\/wp-json\/wp\/v2\/users\/1"}],"replies":[{"embeddable":true,"href":"https:\/\/santemc.quebec\/icentre\/wp-json\/wp\/v2\/comments?post=4852"}],"version-history":[{"count":6,"href":"https:\/\/santemc.quebec\/icentre\/wp-json\/wp\/v2\/posts\/4852\/revisions"}],"predecessor-version":[{"id":4889,"href":"https:\/\/santemc.quebec\/icentre\/wp-json\/wp\/v2\/posts\/4852\/revisions\/4889"}],"wp:attachment":[{"href":"https:\/\/santemc.quebec\/icentre\/wp-json\/wp\/v2\/media?parent=4852"}],"wp:term":[{"taxonomy":"category","embeddable":true,"href":"https:\/\/santemc.quebec\/icentre\/wp-json\/wp\/v2\/categories?post=4852"},{"taxonomy":"post_tag","embeddable":true,"href":"https:\/\/santemc.quebec\/icentre\/wp-json\/wp\/v2\/tags?post=4852"}],"curies":[{"name":"wp","href":"https:\/\/api.w.org\/{rel}","templated":true}]}}