{"id":4857,"date":"2017-06-02T14:55:53","date_gmt":"2017-06-02T18:55:53","guid":{"rendered":"http:\/\/santemc.quebec\/icentre\/?p=4857"},"modified":"2017-06-02T15:37:17","modified_gmt":"2017-06-02T19:37:17","slug":"le-cafe-de-la-place-est-officiellement-ouvert","status":"publish","type":"post","link":"https:\/\/santemc.quebec\/icentre\/le-cafe-de-la-place-est-officiellement-ouvert\/","title":{"rendered":"Le Caf\u00e9 de la place est officiellement ouvert"},"content":{"rendered":"<div id=\"attachment_4860\" style=\"width: 310px\" class=\"wp-caption alignleft\"><a href=\"http:\/\/santemc.quebec\/santemc\/icentre\/wp-content\/uploads\/2017\/06\/photoofficielle.jpg\"><img aria-describedby=\"caption-attachment-4860\" decoding=\"async\" loading=\"lazy\" class=\"wp-image-4860 size-medium\" src=\"http:\/\/santemc.quebec\/santemc\/icentre\/wp-content\/uploads\/2017\/06\/photoofficielle-300x171.jpg\" alt=\"\" width=\"300\" height=\"171\" srcset=\"https:\/\/santemc.quebec\/santemc\/icentre\/wp-content\/uploads\/2017\/06\/photoofficielle-300x171.jpg 300w, https:\/\/santemc.quebec\/santemc\/icentre\/wp-content\/uploads\/2017\/06\/photoofficielle-500x285.jpg 500w, https:\/\/santemc.quebec\/santemc\/icentre\/wp-content\/uploads\/2017\/06\/photoofficielle.jpg 715w\" sizes=\"(max-width: 300px) 100vw, 300px\" \/><\/a><p id=\"caption-attachment-4860\" class=\"wp-caption-text\">St\u00e9phan Poirier, chef de production et r\u00f4le conseil, Annie Levasseur, chef des activit\u00e9s d&rsquo;alimentation &#8211; H\u00f4pital Charles-Le Moyne, Louis Lamontagne, directeur des services techniques, Manon Lapalme, adjointe au directeur, services d&rsquo;h\u00f4tellerie, Richard Deschamps, PDG, Luce Gallant, chef des activit\u00e9s d&rsquo;alimentation &#8211; H\u00f4pital Charles-Le Moyne, Denise M\u00e9nard, pr\u00e9sidente du comit\u00e9 des usagers de Champlain Charles-Le Moyne.<\/p><\/div>\n<p>Aujourd\u2019hui, avait lieu l\u2019ouverture du <strong>Caf\u00e9 de la place<\/strong> \u00e0 l\u2019H\u00f4pital Charles-Le Moyne. \u00c0 cette occasion, le pr\u00e9sident-directeur g\u00e9n\u00e9ral, plusieurs employ\u00e9s et membres de la direction \u00e9taient pr\u00e9sents afin d\u2019inaugurer ce nouveau point de service alimentaire dans l\u2019installation.<!--more--><\/p>\n<p>Depuis maintenant 2 semaines, les employ\u00e9s du Caf\u00e9 de la place vous accueillaient dans une phase de pr\u00e9ouverture\u00a0: moment privil\u00e9gi\u00e9 pendant lequel tous ont pu s\u2019adapter \u00e0 ce nouvel environnement de travail ainsi qu\u2019aux nouveaux \u00e9quipements, Cette p\u00e9riode aura aussi permis \u00e0 la client\u00e8le de s\u2019approprier le<a href=\"http:\/\/santemc.quebec\/santemc\/icentre\/wp-content\/uploads\/2017\/06\/menuPDF_final1.pdf\" target=\"_blank\" rel=\"noopener noreferrer\"> menu caract\u00e9ristique du caf\u00e9<\/a>.<\/p>\n<p>[huge_it_slider id=\u00a0\u00bb14&Prime;]<\/p>\n<p>&nbsp;<\/p>\n<p>Forte des commentaires re\u00e7us et surtout fi\u00e8re des t\u00e9moignages d\u2019appr\u00e9ciation r\u00e9colt\u00e9s au cours de ces journ\u00e9es de rodage, c\u2019est une \u00e9quipe dynamique, motiv\u00e9e et plus aguerrie qui vous y accueillera, du lundi au vendredi, de 6 h 45 \u00e0 19 h 30.<\/p>\n<p>L\u2019ouverture de ce caf\u00e9 \u00e0 l\u2019H\u00f4pital Charles-Le Moyne vient bonifier l\u2019offre alimentaire d\u00e9j\u00e0 pr\u00e9sente dans l\u2019installation. Une carte de visite indiquant les coordonn\u00e9es et les emplacements de ces lieux de restauration, sera disponible, sous peu, sur les unit\u00e9s de soins afin d\u2019aider la client\u00e8le \u00e0 s\u2019y diriger.<\/p>\n<p>Rappelons que le Caf\u00e9 de la place est op\u00e9r\u00e9 par les employ\u00e9s du Service alimentaire du CISSSMC et est un projet autofinanc\u00e9.<\/p>\n<p>En terminant, vous avez jusqu\u2019au 5 juin pour participer au sondage sur la composition des caf\u00e9s de sp\u00e9cialit\u00e9.<\/p>\n<p>&nbsp;<\/p>\n","protected":false},"excerpt":{"rendered":"<p>Aujourd\u2019hui, avait lieu l\u2019ouverture du Caf\u00e9 de la place \u00e0 l\u2019H\u00f4pital Charles-Le Moyne. \u00c0 cette occasion, le pr\u00e9sident-directeur g\u00e9n\u00e9ral, plusieurs employ\u00e9s et membres de la direction \u00e9taient pr\u00e9sents afin d\u2019inaugurer ce nouveau point de service alimentaire dans l\u2019installation.<\/p>\n","protected":false},"author":1,"featured_media":0,"comment_status":"open","ping_status":"closed","sticky":false,"template":"","format":"standard","meta":{"footnotes":""},"categories":[1],"tags":[],"_links":{"self":[{"href":"https:\/\/santemc.quebec\/icentre\/wp-json\/wp\/v2\/posts\/4857"}],"collection":[{"href":"https:\/\/santemc.quebec\/icentre\/wp-json\/wp\/v2\/posts"}],"about":[{"href":"https:\/\/santemc.quebec\/icentre\/wp-json\/wp\/v2\/types\/post"}],"author":[{"embeddable":true,"href":"https:\/\/santemc.quebec\/icentre\/wp-json\/wp\/v2\/users\/1"}],"replies":[{"embeddable":true,"href":"https:\/\/santemc.quebec\/icentre\/wp-json\/wp\/v2\/comments?post=4857"}],"version-history":[{"count":8,"href":"https:\/\/santemc.quebec\/icentre\/wp-json\/wp\/v2\/posts\/4857\/revisions"}],"predecessor-version":[{"id":4879,"href":"https:\/\/santemc.quebec\/icentre\/wp-json\/wp\/v2\/posts\/4857\/revisions\/4879"}],"wp:attachment":[{"href":"https:\/\/santemc.quebec\/icentre\/wp-json\/wp\/v2\/media?parent=4857"}],"wp:term":[{"taxonomy":"category","embeddable":true,"href":"https:\/\/santemc.quebec\/icentre\/wp-json\/wp\/v2\/categories?post=4857"},{"taxonomy":"post_tag","embeddable":true,"href":"https:\/\/santemc.quebec\/icentre\/wp-json\/wp\/v2\/tags?post=4857"}],"curies":[{"name":"wp","href":"https:\/\/api.w.org\/{rel}","templated":true}]}}