{"id":4882,"date":"2017-06-05T14:07:56","date_gmt":"2017-06-05T18:07:56","guid":{"rendered":"http:\/\/santemc.quebec\/icentre\/?p=4882"},"modified":"2017-06-05T15:14:53","modified_gmt":"2017-06-05T19:14:53","slug":"bulletin-horizon-sante-cancers-et-tabac-en-monteregie-copy-copy-copy","status":"publish","type":"post","link":"https:\/\/santemc.quebec\/icentre\/bulletin-horizon-sante-cancers-et-tabac-en-monteregie-copy-copy-copy\/","title":{"rendered":"Bulletin Horizon Sant\u00e9 &#8211; Traumatismes non intentionnels chez les jeunes de moins de 18 ans"},"content":{"rendered":"<p><img decoding=\"async\" loading=\"lazy\" class=\"alignleft\" src=\"http:\/\/extranet.santemonteregie.qc.ca\/userfiles\/image\/sante-publique\/surveillance-etat-sante\/HorizonSante-PageHorizon.PNG\" alt=\"Horizon Sant\u00e9 Logo\" width=\"263\" height=\"178\" \/><\/p>\n<p>Le troisi\u00e8me bulletin Horizon Sant\u00e9 s&rsquo;int\u00e9resse aux traumatismes non intentionnels chez les jeunes de moins de 18 ans en Mont\u00e9r\u00e9gie.<\/p>\n<p>Pour en conna\u00eetre davantage sur les d\u00e9c\u00e8s, les hospitalisations et leurs principales causes ventil\u00e9s selon l\u2019\u00e2ge, vous \u00eates invit\u00e9s \u00e0 consulter le\u00a0<a href=\"http:\/\/santemc.quebec\/santemc\/icentre\/wp-content\/uploads\/2017\/06\/Horizon-sant\u00e9-TNI.pdf\" target=\"_blank\" rel=\"noopener noreferrer\">document PDF<\/a>.<\/p>\n<p><!--more--><\/p>\n<p>Compl\u00e9mentaire aux autres produits de surveillance de la Direction de sant\u00e9 publique, <em>Horizon Sant\u00e9<\/em> souhaite pr\u00e9senter, en quelques pages, les donn\u00e9es les plus marquantes concernant divers indicateurs reli\u00e9s \u00e0 un sujet particulier, ainsi qu&rsquo;une interpr\u00e9tation de celles-ci.<\/p>\n<p>&nbsp;<\/p>\n","protected":false},"excerpt":{"rendered":"<p>Le troisi\u00e8me bulletin Horizon Sant\u00e9 s&rsquo;int\u00e9resse aux traumatismes non intentionnels chez les jeunes de moins de 18 ans en Mont\u00e9r\u00e9gie. Pour en conna\u00eetre davantage sur les d\u00e9c\u00e8s, les hospitalisations et leurs principales causes ventil\u00e9s selon l\u2019\u00e2ge, vous \u00eates invit\u00e9s \u00e0 &hellip; <a href=\"https:\/\/santemc.quebec\/icentre\/bulletin-horizon-sante-cancers-et-tabac-en-monteregie-copy-copy-copy\/\">Continuer la lecture <span class=\"meta-nav\">&rarr;<\/span><\/a><\/p>\n","protected":false},"author":1,"featured_media":0,"comment_status":"open","ping_status":"closed","sticky":false,"template":"","format":"standard","meta":{"footnotes":""},"categories":[1],"tags":[95],"_links":{"self":[{"href":"https:\/\/santemc.quebec\/icentre\/wp-json\/wp\/v2\/posts\/4882"}],"collection":[{"href":"https:\/\/santemc.quebec\/icentre\/wp-json\/wp\/v2\/posts"}],"about":[{"href":"https:\/\/santemc.quebec\/icentre\/wp-json\/wp\/v2\/types\/post"}],"author":[{"embeddable":true,"href":"https:\/\/santemc.quebec\/icentre\/wp-json\/wp\/v2\/users\/1"}],"replies":[{"embeddable":true,"href":"https:\/\/santemc.quebec\/icentre\/wp-json\/wp\/v2\/comments?post=4882"}],"version-history":[{"count":4,"href":"https:\/\/santemc.quebec\/icentre\/wp-json\/wp\/v2\/posts\/4882\/revisions"}],"predecessor-version":[{"id":4895,"href":"https:\/\/santemc.quebec\/icentre\/wp-json\/wp\/v2\/posts\/4882\/revisions\/4895"}],"wp:attachment":[{"href":"https:\/\/santemc.quebec\/icentre\/wp-json\/wp\/v2\/media?parent=4882"}],"wp:term":[{"taxonomy":"category","embeddable":true,"href":"https:\/\/santemc.quebec\/icentre\/wp-json\/wp\/v2\/categories?post=4882"},{"taxonomy":"post_tag","embeddable":true,"href":"https:\/\/santemc.quebec\/icentre\/wp-json\/wp\/v2\/tags?post=4882"}],"curies":[{"name":"wp","href":"https:\/\/api.w.org\/{rel}","templated":true}]}}