{"id":4890,"date":"2017-06-05T14:42:15","date_gmt":"2017-06-05T18:42:15","guid":{"rendered":"http:\/\/santemc.quebec\/icentre\/?p=4890"},"modified":"2017-06-06T08:32:37","modified_gmt":"2017-06-06T12:32:37","slug":"inauguration-de-la-nouvelle-urgence-de-lhopital-charles-le-moyne","status":"publish","type":"post","link":"https:\/\/santemc.quebec\/icentre\/inauguration-de-la-nouvelle-urgence-de-lhopital-charles-le-moyne\/","title":{"rendered":"Inauguration de la nouvelle urgence de l&rsquo;H\u00f4pital Charles-Le Moyne"},"content":{"rendered":"<div style=\"width: 330px\" class=\"wp-caption alignleft\"><img decoding=\"async\" loading=\"lazy\" class=\"size-medium\" src=\"http:\/\/santemc.quebec\/santemc\/icentre\/wp-content\/uploads\/2017\/06\/inauguration_urgence_clm.jpg\" width=\"320\" height=\"240\" \/><p class=\"wp-caption-text\">De gauche \u00e0 droite : Michel Wong Kee Song, membre du CA, Richard Deschamps, pr\u00e9sident-directeur g\u00e9n\u00e9ral, Nicole Mongeon, membre du CA, Ga\u00e9tan Barrette, ministre de la Sant\u00e9 et des Services sociaux, Nicole M\u00e9nard, d\u00e9put\u00e9e de Laporte, Nathalie Boudreau, directrice g\u00e9n\u00e9rale de la Fondation de l&rsquo;H\u00f4pital Charles-Le Moyne, Denise M\u00e9nard, pr\u00e9sidente du comit\u00e9 des usagers de Champlain Charles-Le Moyne, Dr Laurent Boisvert, chef du d\u00e9partement de m\u00e9decine d&rsquo;urgence. Source : minist\u00e8re de la Sant\u00e9 et des Services sociaux<\/p><\/div>\n<p>Dans la foul\u00e9e des efforts pour doter le r\u00e9seau de la sant\u00e9 et des services sociaux d&rsquo;infrastructures adapt\u00e9es, le ministre de la Sant\u00e9 et des Services sociaux, monsieur Ga\u00e9tan Barrette, ainsi que la d\u00e9put\u00e9e de Laporte et pr\u00e9sidente du caucus du gouvernement, madame Nicole M\u00e9nard, ont proc\u00e9d\u00e9 \u00e0 l&rsquo;inauguration des travaux de modernisation de l&rsquo;urgence de l&rsquo;H\u00f4pital Charles-Le Moyne, une installation du Centre int\u00e9gr\u00e9 de sant\u00e9 et de services sociaux de la Mont\u00e9r\u00e9gie-Centre.<!--more--><\/p>\n<p>Les locaux inaugur\u00e9s aujourd&rsquo;hui constituent la seconde \u00e9tape de l&rsquo;ensemble du projet, \u00e0 la suite de la premi\u00e8re phase termin\u00e9e en f\u00e9vrier 2016. Cette derni\u00e8re phase consistait \u00e0 am\u00e9nager plusieurs nouvelles salles d&rsquo;examen, de m\u00eame qu&rsquo;une toute nouvelle salle enti\u00e8rement consacr\u00e9e \u00e0 la radiologie. De plus, les r\u00e9am\u00e9nagements ont permis de rassembler au m\u00eame endroit plusieurs services sp\u00e9cialis\u00e9s, notamment l&rsquo;orthop\u00e9die, la chirurgie mineure et la gyn\u00e9cologie, et d&rsquo;actualiser les normes en mati\u00e8re de technologie et de s\u00e9curit\u00e9.<\/p>\n<p>Le projet d&rsquo;agrandissement de l&rsquo;H\u00f4pital Charles-Le Moyne repr\u00e9sente un investissement total de 40 M$ dont 39 M$ provenant du Gouvernement du Qu\u00e9bec et 1 M$ de la Fondation de l&rsquo;H\u00f4pital Charles-Le Moyne.<\/p>\n<p>Citations :<\/p>\n<p>\u00ab Ce projet de r\u00e9am\u00e9nagement t\u00e9moigne de la volont\u00e9 de notre gouvernement de moderniser l&rsquo;ensemble du r\u00e9seau de la sant\u00e9 et des services sociaux, en soutenant des initiatives qui viennent r\u00e9pondre de mani\u00e8re concr\u00e8te aux besoins de la population. Ces nouveaux locaux permettront de favoriser une plus grande efficacit\u00e9 clinique et une meilleure coordination des soins, dans un cadre encore plus s\u00e9curitaire pour le personnel et les milliers d&rsquo;usagers qui fr\u00e9quentent l&rsquo;urgence chaque ann\u00e9e. \u00bb<\/p>\n<p>Ga\u00e9tan Barrette, ministre de la Sant\u00e9 et des Services sociaux<\/p>\n<p>\u00ab L&rsquo;ensemble du projet de r\u00e9am\u00e9nagement de la nouvelle urgence de l&rsquo;H\u00f4pital Charles-Le Moyne t\u00e9moigne de l&rsquo;importance que notre gouvernement accorde aux besoins croissants de notre r\u00e9gion en mati\u00e8re de sant\u00e9. Je suis fi\u00e8re que nous puissions compter sur des installations de cette qualit\u00e9 dans la circonscription de Laporte. Je me r\u00e9jouis aussi de l&rsquo;implication de la communaut\u00e9 qui a fait une contribution de 1 M$, par l&rsquo;entremise de la Fondation de l&rsquo;H\u00f4pital. \u00bb<\/p>\n<p>Nicole M\u00e9nard, pr\u00e9sidente du caucus du parti du gouvernement et d\u00e9put\u00e9e de Laporte<\/p>\n<p>\u00ab Je suis tr\u00e8s heureuse de l&rsquo;ouverture des nouveaux locaux de l&rsquo;urgence, d\u00e9sormais \u00e0 la disposition des gens de la Mont\u00e9r\u00e9gie. Il s&rsquo;agit d&rsquo;un r\u00e9el gain pour l&rsquo;ensemble de la population, qui aura acc\u00e8s \u00e0 des services de la plus grande qualit\u00e9, mieux organis\u00e9s et plus s\u00e9curitaires, dans un environnement \u00e9galement plus convivial et spacieux. \u00bb<\/p>\n<p>Lucie Charlebois, ministre d\u00e9l\u00e9gu\u00e9e \u00e0 la R\u00e9adaptation, \u00e0 la Protection de la jeunesse, \u00e0 la Sant\u00e9 publique et aux Saines habitudes de vie et ministre responsable de la r\u00e9gion de la Mont\u00e9r\u00e9gie<\/p>\n<p>&nbsp;<\/p>\n<p><strong>Faits saillants :<\/strong><\/p>\n<p>Rappelons que des travaux pr\u00e9alables avaient \u00e9t\u00e9 effectu\u00e9s pour permettre ce r\u00e9am\u00e9nagement majeur. Ceux-ci comprenaient le rehaussement de l&rsquo;entr\u00e9e \u00e9lectrique, le d\u00e9placement des quais de livraison ainsi que l&rsquo;am\u00e9nagement d&rsquo;un b\u00e2timent modulaire destin\u00e9 \u00e0 accueillir l&rsquo;unit\u00e9 d&rsquo;hospitalisation br\u00e8ve et une partie de la salle d&rsquo;observation de l&rsquo;urgence. Cet am\u00e9nagement majeur a permis de lib\u00e9rer une zone tampon pour effectuer les travaux subs\u00e9quents.<\/p>\n<p>Parmi les autres am\u00e9liorations apport\u00e9es par l&rsquo;ensemble du projet, notons :<\/p>\n<ul>\n<li>de nouvelles aires d&rsquo;observation;<\/li>\n<li>une augmentation du nombre de civi\u00e8res de 39 \u00e0 43, dont 29 d&rsquo;entre elles dot\u00e9es de moniteurs cardiaques;<\/li>\n<li>des alc\u00f4ves de civi\u00e8re s\u00e9par\u00e9es par des murs, notamment pour augmenter la confidentialit\u00e9 et diminuer le risque de transmission d&rsquo;infections nosocomiales;<\/li>\n<li>quatre salles d&rsquo;isolement \u00e0 pression n\u00e9gative dot\u00e9es d&rsquo;un sas de d\u00e9contamination<\/li>\n<\/ul>\n","protected":false},"excerpt":{"rendered":"<p>Dans la foul\u00e9e des efforts pour doter le r\u00e9seau de la sant\u00e9 et des services sociaux d&rsquo;infrastructures adapt\u00e9es, le ministre de la Sant\u00e9 et des Services sociaux, monsieur Ga\u00e9tan Barrette, ainsi que la d\u00e9put\u00e9e de Laporte et pr\u00e9sidente du caucus &hellip; <a href=\"https:\/\/santemc.quebec\/icentre\/inauguration-de-la-nouvelle-urgence-de-lhopital-charles-le-moyne\/\">Continuer la lecture <span class=\"meta-nav\">&rarr;<\/span><\/a><\/p>\n","protected":false},"author":1,"featured_media":0,"comment_status":"open","ping_status":"closed","sticky":false,"template":"","format":"standard","meta":{"footnotes":""},"categories":[1],"tags":[],"_links":{"self":[{"href":"https:\/\/santemc.quebec\/icentre\/wp-json\/wp\/v2\/posts\/4890"}],"collection":[{"href":"https:\/\/santemc.quebec\/icentre\/wp-json\/wp\/v2\/posts"}],"about":[{"href":"https:\/\/santemc.quebec\/icentre\/wp-json\/wp\/v2\/types\/post"}],"author":[{"embeddable":true,"href":"https:\/\/santemc.quebec\/icentre\/wp-json\/wp\/v2\/users\/1"}],"replies":[{"embeddable":true,"href":"https:\/\/santemc.quebec\/icentre\/wp-json\/wp\/v2\/comments?post=4890"}],"version-history":[{"count":3,"href":"https:\/\/santemc.quebec\/icentre\/wp-json\/wp\/v2\/posts\/4890\/revisions"}],"predecessor-version":[{"id":4899,"href":"https:\/\/santemc.quebec\/icentre\/wp-json\/wp\/v2\/posts\/4890\/revisions\/4899"}],"wp:attachment":[{"href":"https:\/\/santemc.quebec\/icentre\/wp-json\/wp\/v2\/media?parent=4890"}],"wp:term":[{"taxonomy":"category","embeddable":true,"href":"https:\/\/santemc.quebec\/icentre\/wp-json\/wp\/v2\/categories?post=4890"},{"taxonomy":"post_tag","embeddable":true,"href":"https:\/\/santemc.quebec\/icentre\/wp-json\/wp\/v2\/tags?post=4890"}],"curies":[{"name":"wp","href":"https:\/\/api.w.org\/{rel}","templated":true}]}}