{"id":49,"date":"2015-03-06T14:36:34","date_gmt":"2015-03-06T13:36:34","guid":{"rendered":"http:\/\/santemc.quebec\/journal\/?p=49"},"modified":"2015-05-15T14:11:33","modified_gmt":"2015-05-15T18:11:33","slug":"nomination-de-monsieur-richard-deschamps-au-poste-de-president-directeur-general-du-centre-integre-de-sante-et-de-services-sociaux-de-la-monteregie-centre","status":"publish","type":"post","link":"https:\/\/santemc.quebec\/icentre\/nomination-de-monsieur-richard-deschamps-au-poste-de-president-directeur-general-du-centre-integre-de-sante-et-de-services-sociaux-de-la-monteregie-centre\/","title":{"rendered":"Nomination de monsieur Richard Deschamps au poste de pr\u00e9sident-directeur g\u00e9n\u00e9ral du Centre int\u00e9gr\u00e9 de sant\u00e9 et de services sociaux de la Mont\u00e9r\u00e9gie-Centre"},"content":{"rendered":"<div id=\"attachment_107\" style=\"width: 151px\" class=\"wp-caption alignleft\"><a href=\"http:\/\/santemc.quebec\/santemc\/icentre\/wp-content\/uploads\/2015\/03\/Richard-Deschamps-2012-001-e1430408854308.jpg\"><img aria-describedby=\"caption-attachment-107\" decoding=\"async\" loading=\"lazy\" class=\"  wp-image-107\" src=\"http:\/\/santemc.quebec\/santemc\/icentre\/wp-content\/uploads\/2015\/03\/Richard-Deschamps-2012-001-240x300.jpg\" alt=\"Richard Deschamps 2012 001\" width=\"141\" height=\"174\" \/><\/a><p id=\"caption-attachment-107\" class=\"wp-caption-text\">M. Richard Deschamps<\/p><\/div>\n<p>Le ministre de la Sant\u00e9 et des Services sociaux, monsieur Ga\u00e9tan Barrette, annonce la nomination de monsieur Richard Deschamps \u00e0 titre de pr\u00e9sident-directeur g\u00e9n\u00e9ral du Centre int\u00e9gr\u00e9 de sant\u00e9 et de services sociaux (CISSS) de la Mont\u00e9r\u00e9gie-Centre, qui sera officiellement institu\u00e9 le 1er avril 2015 en vertu de la Loi modifiant l\u2019organisation et la gouvernance du r\u00e9seau de la sant\u00e9 et des services sociaux notamment par l\u2019abolition des agences r\u00e9gionales. La nomination du pr\u00e9sident-directeur g\u00e9n\u00e9ral est la premi\u00e8re \u00e9tape de la mise en \u0153uvre du CISSS de la Mont\u00e9r\u00e9gie-Centre.<!--more--><\/p>\n<p>Rappelons que cette nomination a suivi un processus formel et rigoureux de s\u00e9lection, qui s\u2019est d\u00e9roul\u00e9 \u00e0 la suite d\u2019un appel de candidatures public diffus\u00e9 dans les journaux et sur le Web. Le comit\u00e9 de s\u00e9lection \u00e9tait constitu\u00e9 du sous-ministre actuel et d\u2019un ancien sous-ministre de la Sant\u00e9 et des Services sociaux ainsi que de deux sous-ministres adjoints. \u00c0 titre de pr\u00e9sident-directeur g\u00e9n\u00e9ral, monsieur Deschamps aura pour premier mandat de veiller \u00e0 l\u2019implantation de corridors de services permettant aux patients de recevoir des soins mieux int\u00e9gr\u00e9s entre eux, tout au long de leur parcours dans le r\u00e9seau.<\/p>\n<p>Monsieur Deschamps a cumul\u00e9 de nombreuses ann\u00e9es d\u2019exp\u00e9rience en gestion au sein du r\u00e9seau de la sant\u00e9 et des services sociaux en Mont\u00e9r\u00e9gie, notamment au Centre jeunesse de Lanaudi\u00e8re, au Centre de sant\u00e9 et de services sociaux Champlain et \u00e0 l\u2019H\u00f4pital Charles-LeMoyne. En 2009, il a obtenu le poste de directeur g\u00e9n\u00e9ral associ\u00e9 \u00e0 la coordination des programmes et du r\u00e9seau de l\u2019Agence de la sant\u00e9 et des services sociaux de la Mont\u00e9r\u00e9gie, puis en est devenu le pr\u00e9sident-directeur g\u00e9n\u00e9ral en 2012, fonction qu\u2019il a assum\u00e9e jusqu\u2019\u00e0 ce jour.<\/p>\n<p>\u00ab Nul doute qu\u2019avec ses comp\u00e9tences remarquables et sa grande exp\u00e9rience en gestion, monsieur Deschamps saura relever les d\u00e9fis importants auxquels il est appel\u00e9 \u00e0 faire face dans ce contexte de changements majeurs au sein du r\u00e9seau de la sant\u00e9 et des services sociaux. Je suis par ailleurs convaincu qu\u2019il exercera ses responsabilit\u00e9s de haut niveau avec d\u00e9termination et dans un souci exemplaire de transparence, au b\u00e9n\u00e9fice des gens de la r\u00e9gion \u00bb, a d\u00e9clar\u00e9 le ministre Barrette.<\/p>\n","protected":false},"excerpt":{"rendered":"<p>Le ministre de la Sant\u00e9 et des Services sociaux, monsieur Ga\u00e9tan Barrette, annonce la nomination de monsieur Richard Deschamps \u00e0 titre de pr\u00e9sident-directeur g\u00e9n\u00e9ral du Centre int\u00e9gr\u00e9 de sant\u00e9 et de services sociaux (CISSS) de la Mont\u00e9r\u00e9gie-Centre, qui sera officiellement &hellip; <a href=\"https:\/\/santemc.quebec\/icentre\/nomination-de-monsieur-richard-deschamps-au-poste-de-president-directeur-general-du-centre-integre-de-sante-et-de-services-sociaux-de-la-monteregie-centre\/\">Continuer la lecture <span class=\"meta-nav\">&rarr;<\/span><\/a><\/p>\n","protected":false},"author":1,"featured_media":0,"comment_status":"open","ping_status":"closed","sticky":false,"template":"","format":"standard","meta":{"footnotes":""},"categories":[2],"tags":[8],"_links":{"self":[{"href":"https:\/\/santemc.quebec\/icentre\/wp-json\/wp\/v2\/posts\/49"}],"collection":[{"href":"https:\/\/santemc.quebec\/icentre\/wp-json\/wp\/v2\/posts"}],"about":[{"href":"https:\/\/santemc.quebec\/icentre\/wp-json\/wp\/v2\/types\/post"}],"author":[{"embeddable":true,"href":"https:\/\/santemc.quebec\/icentre\/wp-json\/wp\/v2\/users\/1"}],"replies":[{"embeddable":true,"href":"https:\/\/santemc.quebec\/icentre\/wp-json\/wp\/v2\/comments?post=49"}],"version-history":[{"count":4,"href":"https:\/\/santemc.quebec\/icentre\/wp-json\/wp\/v2\/posts\/49\/revisions"}],"predecessor-version":[{"id":174,"href":"https:\/\/santemc.quebec\/icentre\/wp-json\/wp\/v2\/posts\/49\/revisions\/174"}],"wp:attachment":[{"href":"https:\/\/santemc.quebec\/icentre\/wp-json\/wp\/v2\/media?parent=49"}],"wp:term":[{"taxonomy":"category","embeddable":true,"href":"https:\/\/santemc.quebec\/icentre\/wp-json\/wp\/v2\/categories?post=49"},{"taxonomy":"post_tag","embeddable":true,"href":"https:\/\/santemc.quebec\/icentre\/wp-json\/wp\/v2\/tags?post=49"}],"curies":[{"name":"wp","href":"https:\/\/api.w.org\/{rel}","templated":true}]}}