{"id":4900,"date":"2017-06-06T11:21:56","date_gmt":"2017-06-06T15:21:56","guid":{"rendered":"http:\/\/santemc.quebec\/icentre\/?p=4900"},"modified":"2017-06-06T11:21:56","modified_gmt":"2017-06-06T15:21:56","slug":"journee-annuelle-du-reseau-de-cancerologie-de-la-monteregie-un-evenement-couronne-de-succes","status":"publish","type":"post","link":"https:\/\/santemc.quebec\/icentre\/journee-annuelle-du-reseau-de-cancerologie-de-la-monteregie-un-evenement-couronne-de-succes\/","title":{"rendered":"Journ\u00e9e annuelle du R\u00e9seau de canc\u00e9rologie de la Mont\u00e9r\u00e9gie : un \u00e9v\u00e9nement couronn\u00e9 de succ\u00e8s"},"content":{"rendered":"<div id=\"attachment_4904\" style=\"width: 310px\" class=\"wp-caption alignleft\"><a href=\"http:\/\/santemc.quebec\/santemc\/icentre\/wp-content\/uploads\/2017\/06\/IMG_8629.jpg\"><img aria-describedby=\"caption-attachment-4904\" decoding=\"async\" loading=\"lazy\" class=\"size-medium wp-image-4904\" src=\"http:\/\/santemc.quebec\/santemc\/icentre\/wp-content\/uploads\/2017\/06\/IMG_8629-300x200.jpg\" alt=\"\" width=\"300\" height=\"200\" srcset=\"https:\/\/santemc.quebec\/santemc\/icentre\/wp-content\/uploads\/2017\/06\/IMG_8629-300x200.jpg 300w, https:\/\/santemc.quebec\/santemc\/icentre\/wp-content\/uploads\/2017\/06\/IMG_8629-768x512.jpg 768w, https:\/\/santemc.quebec\/santemc\/icentre\/wp-content\/uploads\/2017\/06\/IMG_8629-1024x683.jpg 1024w, https:\/\/santemc.quebec\/santemc\/icentre\/wp-content\/uploads\/2017\/06\/IMG_8629-450x300.jpg 450w, https:\/\/santemc.quebec\/santemc\/icentre\/wp-content\/uploads\/2017\/06\/IMG_8629.jpg 1920w\" sizes=\"(max-width: 300px) 100vw, 300px\" \/><\/a><p id=\"caption-attachment-4904\" class=\"wp-caption-text\">M. Richard Deschamps pronon\u00e7ant son mot d&rsquo;ouverture.<\/p><\/div>\n<p style=\"text-align: left;\">Le th\u00e8me \u00ab Mieux s\u2019outiller pour mieux accompagner \u00bb a ralli\u00e9 les quelque 220 personnes qui ont pris part \u00e0 la journ\u00e9e annuelle du R\u00e9seau de canc\u00e9rologie de la Mont\u00e9r\u00e9gie (RCM), le 2 juin dernier. Ces intervenants \u0153uvrant majoritairement en oncologie et en soins palliatifs, de tout horizon professionnel, ont profit\u00e9 de cette occasion unique de partager le savoir-faire des uns et des autres, de parfaire leurs connaissances et ainsi de participer \u00e0 construire un r\u00e9seau int\u00e9gr\u00e9.<\/p>\n<p><!--more--><\/p>\n<p>Les mots d\u2019ouverture de la journ\u00e9e annuelle ont \u00e9t\u00e9 prononc\u00e9s par Mme Lyne Marquis, directrice des Services multidisciplinaires et de canc\u00e9rologie, du CISSS de la Mont\u00e9r\u00e9gie-Centre; par M. Richard Deschamps, pr\u00e9sident-directeur g\u00e9n\u00e9ral du CISSS de la Mont\u00e9r\u00e9gie-Centre; ainsi que par M. Yves Masse, pr\u00e9sident-directeur g\u00e9n\u00e9ral du CISSS de la Mont\u00e9r\u00e9gie-Ouest. Tous trois ont insist\u00e9 sur l\u2019importance de faire vivre un r\u00e9seau fort, de poursuivre des objectifs communs, et ce, pour le bien-\u00eatre de la population mont\u00e9r\u00e9gienne atteinte de cancer.<\/p>\n<p>\u00c0 la suite des discours d\u2019ouverture, les animateurs de la 17<sup>e<\/sup> \u00e9dition de la journ\u00e9e annuelle du RCM ont expliqu\u00e9 pourquoi le comit\u00e9 organisateur a pens\u00e9 opportun de s\u2019attarder \u00e0 la mise en place de l\u2019aide m\u00e9dicale \u00e0 mourir. Rappelons que cette pratique a ouvert de nouvelles possibilit\u00e9s dans le v\u00e9cu des personnes en phase terminale et suscit\u00e9 de nombreuses r\u00e9flexions concernant la fin de vie et, \u00e9videmment, les soins en canc\u00e9rologie.<\/p>\n<p>Les participants ont eu droit \u00e0 un t\u00e9moignant touchant livr\u00e9 par Mme Rita Mainville, m\u00e8re de S\u00e9bastien, qui a eu recours \u00e0 l\u2019aide m\u00e9dicale \u00e0 mourir en ao\u00fbt dernier. Les participants ont \u00e9t\u00e9 captiv\u00e9s par les propos de Mme Mainville et emport\u00e9s par l\u2019\u00e9motion qu\u2019elle transmettait en livrant l\u2019histoire de son fils.<\/p>\n<p>Dr Alain Naud, omnipraticien au CHUQ de Qu\u00e9bec, a ensuite pr\u00e9sent\u00e9 sa conf\u00e9rence portant sur l\u2019aide m\u00e9dicale \u00e0 mourir. Il a partag\u00e9 son exp\u00e9rience de plus de 30 ans en soins palliatifs ainsi que ses r\u00e9flexions sur les changements actuels et les pratiques nouvelles \u00e0 penser et \u00e0 inventer. Les ateliers ont suivi la conf\u00e9rence du Dr Naud.<\/p>\n<p>La journ\u00e9e s\u2019est termin\u00e9e par une conf\u00e9rence centr\u00e9e sur le stress. Amir Georges Sabongui, docteur en psychologie, auteur et conf\u00e9rencier reconnu pour son dynamisme et ses travaux autour du stress a pr\u00e9sent\u00e9 avec humour un contenu riche. Son allocution \u00e9tait intitul\u00e9e <em>Diamant ou poussi\u00e8re<\/em>. Il a aussi partag\u00e9 ses outils pour tenter que chacun puisse faire du stress un alli\u00e9 potentiel. Les r\u00e9actions enthousiastes des participants ont d\u00e9montr\u00e9 que le pr\u00e9sentateur a suscit\u00e9 un vif int\u00e9r\u00eat.<\/p>\n<p><strong>R\u00e9cipiendaires du Prix d\u2019excellence Jean-Latreille en 2017<br \/>\n<\/strong>Comme \u00e0 l\u2019habitude, les Prix d\u2019excellence ont \u00e9t\u00e9 remis lors de cette journ\u00e9e annuelle d\u00e9di\u00e9e au RCM. Rappelons que les deux \u00e9quipes ont remport\u00e9 une bourse \u00e0 l\u2019\u00e9ducation de 1000 $.<\/p>\n<ul>\n<li>\u00a0l\u2019\u00e9quipe de la Maison Victor-Gadbois pour la mise en place d\u2019un centre de jour et d\u2019une clinique de gestion de sympt\u00f4mes pour la client\u00e8le de la Mont\u00e9r\u00e9gie<\/li>\n<li>l\u2019\u00e9quipe SAPA \/SAD du CLSC Huntingdon pour la r\u00e9alisation d\u2019un partenariat avec la communaut\u00e9 ayant comme objectifs le soutien, l\u2019accompagnement et le r\u00e9pit pour les personnes en soins palliatifs \u00e0 domicile<\/li>\n<\/ul>\n<p>[huge_it_slider id=\u00a0\u00bb15&Prime;]<\/p>\n","protected":false},"excerpt":{"rendered":"<p>Le th\u00e8me \u00ab Mieux s\u2019outiller pour mieux accompagner \u00bb a ralli\u00e9 les quelque 220 personnes qui ont pris part \u00e0 la journ\u00e9e annuelle du R\u00e9seau de canc\u00e9rologie de la Mont\u00e9r\u00e9gie (RCM), le 2 juin dernier. Ces intervenants \u0153uvrant majoritairement en &hellip; <a href=\"https:\/\/santemc.quebec\/icentre\/journee-annuelle-du-reseau-de-cancerologie-de-la-monteregie-un-evenement-couronne-de-succes\/\">Continuer la lecture <span class=\"meta-nav\">&rarr;<\/span><\/a><\/p>\n","protected":false},"author":9,"featured_media":0,"comment_status":"open","ping_status":"closed","sticky":false,"template":"","format":"standard","meta":{"footnotes":""},"categories":[1],"tags":[],"_links":{"self":[{"href":"https:\/\/santemc.quebec\/icentre\/wp-json\/wp\/v2\/posts\/4900"}],"collection":[{"href":"https:\/\/santemc.quebec\/icentre\/wp-json\/wp\/v2\/posts"}],"about":[{"href":"https:\/\/santemc.quebec\/icentre\/wp-json\/wp\/v2\/types\/post"}],"author":[{"embeddable":true,"href":"https:\/\/santemc.quebec\/icentre\/wp-json\/wp\/v2\/users\/9"}],"replies":[{"embeddable":true,"href":"https:\/\/santemc.quebec\/icentre\/wp-json\/wp\/v2\/comments?post=4900"}],"version-history":[{"count":4,"href":"https:\/\/santemc.quebec\/icentre\/wp-json\/wp\/v2\/posts\/4900\/revisions"}],"predecessor-version":[{"id":4910,"href":"https:\/\/santemc.quebec\/icentre\/wp-json\/wp\/v2\/posts\/4900\/revisions\/4910"}],"wp:attachment":[{"href":"https:\/\/santemc.quebec\/icentre\/wp-json\/wp\/v2\/media?parent=4900"}],"wp:term":[{"taxonomy":"category","embeddable":true,"href":"https:\/\/santemc.quebec\/icentre\/wp-json\/wp\/v2\/categories?post=4900"},{"taxonomy":"post_tag","embeddable":true,"href":"https:\/\/santemc.quebec\/icentre\/wp-json\/wp\/v2\/tags?post=4900"}],"curies":[{"name":"wp","href":"https:\/\/api.w.org\/{rel}","templated":true}]}}