{"id":4913,"date":"2017-06-07T10:54:27","date_gmt":"2017-06-07T14:54:27","guid":{"rendered":"http:\/\/santemc.quebec\/icentre\/?p=4913"},"modified":"2017-06-07T10:57:12","modified_gmt":"2017-06-07T14:57:12","slug":"hopital-du-haut-richelieu-les-soins-intensifs-amenagent-dans-leurs-nouveaux-locaux","status":"publish","type":"post","link":"https:\/\/santemc.quebec\/icentre\/hopital-du-haut-richelieu-les-soins-intensifs-amenagent-dans-leurs-nouveaux-locaux\/","title":{"rendered":"H\u00f4pital du Haut-Richelieu : les soins intensifs am\u00e9nagent dans leurs nouveaux locaux"},"content":{"rendered":"<div id=\"attachment_4915\" style=\"width: 235px\" class=\"wp-caption alignleft\"><a href=\"http:\/\/santemc.quebec\/santemc\/icentre\/wp-content\/uploads\/2017\/06\/015.jpg\"><img aria-describedby=\"caption-attachment-4915\" decoding=\"async\" loading=\"lazy\" class=\"wp-image-4915 size-medium\" src=\"http:\/\/santemc.quebec\/santemc\/icentre\/wp-content\/uploads\/2017\/06\/015-225x300.jpg\" alt=\"\" width=\"225\" height=\"300\" srcset=\"https:\/\/santemc.quebec\/santemc\/icentre\/wp-content\/uploads\/2017\/06\/015-225x300.jpg 225w, https:\/\/santemc.quebec\/santemc\/icentre\/wp-content\/uploads\/2017\/06\/015-768x1024.jpg 768w\" sizes=\"(max-width: 225px) 100vw, 225px\" \/><\/a><p id=\"caption-attachment-4915\" class=\"wp-caption-text\">Une partie de l&rsquo;\u00e9quipe des soins intensifs de l&rsquo;H\u00f4pital du Haut-Richelieu dans leurs nouveaux locaux.<\/p><\/div>\n<p>Apr\u00e8s le bloc op\u00e9ratoire et l\u2019urgence, c\u2019\u00e9tait enfin au tour de l\u2019unit\u00e9 des soins intensifs de l\u2019H\u00f4pital du Haut-Richelieu de s&rsquo;installer dans ses nouveaux locaux situ\u00e9s au 2e \u00e9tage de l\u2019agrandissement majeur.<\/p>\n<p>Le transfert des activit\u00e9s s\u2019est d\u00e9roul\u00e9 lundi apr\u00e8s-midi, alors que 11 patients \u00e9taient alit\u00e9s aux soins intensifs. Gr\u00e2ce \u00e0 la collaboration de plusieurs professionnels cliniques, le d\u00e9m\u00e9nagement des patients s\u2019est d\u00e9roul\u00e9 dans le calme et dans un environnement des plus s\u00e9curitaires.<!--more--><\/p>\n<p>L\u2019\u00e9quipe du projet majeur tient \u00e0 remercier chaleureusement chaque personne qui a contribu\u00e9, de pr\u00e8s ou de loin, au succ\u00e8s de ce d\u00e9m\u00e9nagement.<\/p>\n<p><strong>\u00c0 venir\u00a0: salle de r\u00e9veil, chirurgie d\u2019un jour et m\u00e9decine ambulatoire<\/strong><br \/>\nLe transfert des trois principaux secteurs (bloc op\u00e9ratoire, soins intensifs et urgence) dans la nouvelle aile \u00e9tant termin\u00e9, l\u2019entrepreneur g\u00e9n\u00e9ral entame une autre phase de travaux dans l\u2019h\u00f4pital existant.<\/p>\n<p>En effet, dans les locaux laiss\u00e9s vacants par le d\u00e9m\u00e9nagement des soins intensifs et la relocalisation temporaire de certains secteurs, la salle de r\u00e9veil ainsi que la chirurgie d\u2019un jour seront am\u00e9nag\u00e9es au 2e \u00e9tage apr\u00e8s d\u2019importants travaux.<\/p>\n<p>Au rez-de-chauss\u00e9e, dans les anciens locaux de l\u2019urgence, des travaux sont en cours pour r\u00e9am\u00e9nager l\u2019espace qui abritera la m\u00e9decine ambulatoire.<\/p>\n","protected":false},"excerpt":{"rendered":"<p>Apr\u00e8s le bloc op\u00e9ratoire et l\u2019urgence, c\u2019\u00e9tait enfin au tour de l\u2019unit\u00e9 des soins intensifs de l\u2019H\u00f4pital du Haut-Richelieu de s&rsquo;installer dans ses nouveaux locaux situ\u00e9s au 2e \u00e9tage de l\u2019agrandissement majeur. Le transfert des activit\u00e9s s\u2019est d\u00e9roul\u00e9 lundi apr\u00e8s-midi, &hellip; <a href=\"https:\/\/santemc.quebec\/icentre\/hopital-du-haut-richelieu-les-soins-intensifs-amenagent-dans-leurs-nouveaux-locaux\/\">Continuer la lecture <span class=\"meta-nav\">&rarr;<\/span><\/a><\/p>\n","protected":false},"author":8,"featured_media":0,"comment_status":"open","ping_status":"closed","sticky":false,"template":"","format":"standard","meta":{"footnotes":""},"categories":[1],"tags":[],"_links":{"self":[{"href":"https:\/\/santemc.quebec\/icentre\/wp-json\/wp\/v2\/posts\/4913"}],"collection":[{"href":"https:\/\/santemc.quebec\/icentre\/wp-json\/wp\/v2\/posts"}],"about":[{"href":"https:\/\/santemc.quebec\/icentre\/wp-json\/wp\/v2\/types\/post"}],"author":[{"embeddable":true,"href":"https:\/\/santemc.quebec\/icentre\/wp-json\/wp\/v2\/users\/8"}],"replies":[{"embeddable":true,"href":"https:\/\/santemc.quebec\/icentre\/wp-json\/wp\/v2\/comments?post=4913"}],"version-history":[{"count":4,"href":"https:\/\/santemc.quebec\/icentre\/wp-json\/wp\/v2\/posts\/4913\/revisions"}],"predecessor-version":[{"id":4918,"href":"https:\/\/santemc.quebec\/icentre\/wp-json\/wp\/v2\/posts\/4913\/revisions\/4918"}],"wp:attachment":[{"href":"https:\/\/santemc.quebec\/icentre\/wp-json\/wp\/v2\/media?parent=4913"}],"wp:term":[{"taxonomy":"category","embeddable":true,"href":"https:\/\/santemc.quebec\/icentre\/wp-json\/wp\/v2\/categories?post=4913"},{"taxonomy":"post_tag","embeddable":true,"href":"https:\/\/santemc.quebec\/icentre\/wp-json\/wp\/v2\/tags?post=4913"}],"curies":[{"name":"wp","href":"https:\/\/api.w.org\/{rel}","templated":true}]}}