{"id":4919,"date":"2017-06-07T08:23:19","date_gmt":"2017-06-07T12:23:19","guid":{"rendered":"http:\/\/santemc.quebec\/icentre\/?p=4919"},"modified":"2017-06-07T14:25:43","modified_gmt":"2017-06-07T18:25:43","slug":"quiz-sur-les-cafes-de-specialite-du-cafe-de-la-place-les-gagnants","status":"publish","type":"post","link":"https:\/\/santemc.quebec\/icentre\/quiz-sur-les-cafes-de-specialite-du-cafe-de-la-place-les-gagnants\/","title":{"rendered":"Quiz sur les caf\u00e9s de sp\u00e9cialit\u00e9 du Caf\u00e9 de la place : les gagnants"},"content":{"rendered":"<p><img decoding=\"async\" class=\"alignleft\" src=\"http:\/\/lh4.googleusercontent.com\/IUrk49VOFO_VaBF2QGpTt8UcaxZvuohqFPvoYkGgsnutwiui4BOfloqNgy2LWC9WpVRP1u-z2w=w1033\" width=\"300\" \/>Du 17 mai au 5 juin vous \u00e9tiez invit\u00e9s \u00e0 participer au concours d\u2019identification des caf\u00e9s de sp\u00e9cialit\u00e9. De tous les participants, 47 ont r\u00e9ussi \u00e0 identifier correctement les 5 caf\u00e9s illustr\u00e9s sur la base de leur composition.<\/p>\n<p>De ce nombre, 5 personnes se m\u00e9ritent un coupon cadeau leur donnant droit \u00e0 5 caf\u00e9s de sp\u00e9cialit\u00e9 de leur choix &#8211; format de 8 onces &#8211; au nouveau Caf\u00e9 de la place de l\u2019H\u00f4pital Charles-Le Moyne.<!--more--><\/p>\n<p>Il s\u2019agit de :<\/p>\n<ul>\n<li>Isabelle Aubry<\/li>\n<li>Genevi\u00e8ve Caron<\/li>\n<li>S\u00e9bastien Gauthier<\/li>\n<li>Isabelle No\u00ebl<\/li>\n<li>Sylvie Noiseux<\/li>\n<\/ul>\n<p>Les gagnants ont \u00e9t\u00e9 contact\u00e9s par courriel afin de les informer des modalit\u00e9s \u00e0 suivre pour r\u00e9clamer leur prix.<\/p>\n<p>Merci de votre participation!<\/p>\n<p>&nbsp;<\/p>\n","protected":false},"excerpt":{"rendered":"<p>Du 17 mai au 5 juin vous \u00e9tiez invit\u00e9s \u00e0 participer au concours d\u2019identification des caf\u00e9s de sp\u00e9cialit\u00e9. De tous les participants, 47 ont r\u00e9ussi \u00e0 identifier correctement les 5 caf\u00e9s illustr\u00e9s sur la base de leur composition. De ce &hellip; <a href=\"https:\/\/santemc.quebec\/icentre\/quiz-sur-les-cafes-de-specialite-du-cafe-de-la-place-les-gagnants\/\">Continuer la lecture <span class=\"meta-nav\">&rarr;<\/span><\/a><\/p>\n","protected":false},"author":1,"featured_media":0,"comment_status":"open","ping_status":"closed","sticky":false,"template":"","format":"standard","meta":{"footnotes":""},"categories":[1],"tags":[],"_links":{"self":[{"href":"https:\/\/santemc.quebec\/icentre\/wp-json\/wp\/v2\/posts\/4919"}],"collection":[{"href":"https:\/\/santemc.quebec\/icentre\/wp-json\/wp\/v2\/posts"}],"about":[{"href":"https:\/\/santemc.quebec\/icentre\/wp-json\/wp\/v2\/types\/post"}],"author":[{"embeddable":true,"href":"https:\/\/santemc.quebec\/icentre\/wp-json\/wp\/v2\/users\/1"}],"replies":[{"embeddable":true,"href":"https:\/\/santemc.quebec\/icentre\/wp-json\/wp\/v2\/comments?post=4919"}],"version-history":[{"count":3,"href":"https:\/\/santemc.quebec\/icentre\/wp-json\/wp\/v2\/posts\/4919\/revisions"}],"predecessor-version":[{"id":4922,"href":"https:\/\/santemc.quebec\/icentre\/wp-json\/wp\/v2\/posts\/4919\/revisions\/4922"}],"wp:attachment":[{"href":"https:\/\/santemc.quebec\/icentre\/wp-json\/wp\/v2\/media?parent=4919"}],"wp:term":[{"taxonomy":"category","embeddable":true,"href":"https:\/\/santemc.quebec\/icentre\/wp-json\/wp\/v2\/categories?post=4919"},{"taxonomy":"post_tag","embeddable":true,"href":"https:\/\/santemc.quebec\/icentre\/wp-json\/wp\/v2\/tags?post=4919"}],"curies":[{"name":"wp","href":"https:\/\/api.w.org\/{rel}","templated":true}]}}