{"id":492,"date":"2015-07-07T15:37:11","date_gmt":"2015-07-07T19:37:11","guid":{"rendered":"http:\/\/santemc.quebec\/icentre\/?p=492"},"modified":"2015-07-08T13:54:39","modified_gmt":"2015-07-08T17:54:39","slug":"mot-du-pdg-quelques-nouvelles-avant-de-quitter-pour-les-vacances","status":"publish","type":"post","link":"https:\/\/santemc.quebec\/icentre\/mot-du-pdg-quelques-nouvelles-avant-de-quitter-pour-les-vacances\/","title":{"rendered":"Mot du PDG &#8211; Quelques nouvelles avant de quitter pour les vacances"},"content":{"rendered":"<p><a href=\"http:\/\/santemc.quebec\/santemc\/icentre\/wp-content\/uploads\/2015\/03\/Richard-Deschamps-2012-001-e1430408854308.jpg\"><img decoding=\"async\" loading=\"lazy\" class=\"alignleft wp-image-107 size-thumbnail\" src=\"http:\/\/santemc.quebec\/santemc\/icentre\/wp-content\/uploads\/2015\/03\/Richard-Deschamps-2012-001-150x150.jpg\" alt=\"Richard Deschamps 2012 001\" width=\"150\" height=\"150\" \/><\/a><\/p>\n<div>&nbsp;<\/div>\n<p>Avant que la plupart d&rsquo;entre nous quittions pour des vacances bien m\u00e9rit\u00e9es, je tenais \u00e0 vous communiquer\u00a0quelques informations concernant notre organisation qui continue \u00e0 prendre forme.<\/p>\n<p><!--more--><\/p>\n<p><strong>Rencontres avec les partenaires syndicaux<br \/>\n<\/strong>Dans les derni\u00e8res semaines, nous avons rencontr\u00e9 l\u2019ensemble des ex\u00e9cutifs des accr\u00e9ditations syndicales qui forment le CISSS de la Mont\u00e9r\u00e9gie-Centre. Ces premi\u00e8res rencontres furent enrichissantes et nous ont permis de prendre connaissance des enjeux en pr\u00e9sence et d\u2019amorcer des \u00e9changes, notamment en ce qui concerne la mise en place de notre projet organisationnel. Nous sommes confiants que nous pourrons \u00e9tablir une relation fructueuse et contributive \u00e0 la r\u00e9ussite de notre projet de transformation. D\u2019autres rencontres se tiendront d\u2019ailleurs sous peu.<\/p>\n<p><strong>Plan d&rsquo;organisation<br \/>\n<\/strong>Nous continuons \u00e0 travailler activement \u00e0 la mise en place de notre plan d&rsquo;organisation. Les cadres sup\u00e9rieurs du CISSS sont presque tous nomm\u00e9s \u00e0 ce jour, et comme vous avez pu le constater, nous avons d\u00e9but\u00e9 les affichages des postes des cadres interm\u00e9diaires. Ce processus de nomination devrait se poursuivre dans les prochaines semaines, pour se terminer au courant de l&rsquo;automne. Vous aurez remarqu\u00e9 que nous avons mis les efforts n\u00e9cessaires afin que cette d\u00e9marche hors de l&rsquo;ordinaire se fasse rapidement, ceci dans le but de consolider au plus vite les \u00e9quipes.\u00a0J&rsquo;en profite pour souligner le travail colossal effectu\u00e9\u00a0par les diff\u00e9rentes \u00e9quipes de tous les secteurs dont l\u2019\u00e9quipe des ressources humaines et la collaboration de l\u2019ensemble des cadres de notre organisation.<\/p>\n<p><strong>D\u00e9signation des membres du conseil d&rsquo;administration<br \/>\n<\/strong>Autre \u00e9tape importante \u00e0 venir dans la cr\u00e9ation de notre \u00e9tablissement\u00a0: la formation de notre conseil d&rsquo;administration. \u00a0La nomination des 9 membres ind\u00e9pendants par le ministre se fera bient\u00f4t. La proc\u00e9dure de\u00a0d\u00e9signation de certains membres du C.A., issus des divers coll\u00e8ges \u00e9lectoraux, d\u00e9butera\u00a0dans les prochaines semaines. M\u00e9decins et membres du personnel du CISSS pourront pr\u00e9senter leur candidature et ainsi apporter leur contribution dans les grandes d\u00e9cisions que notre organisation aura \u00e0 prendre. Les d\u00e9tails sur ce processus vous seront communiqu\u00e9s sous peu dans le i-Centre.<\/p>\n<p><strong>Nouvelle structure de gouvernance m\u00e9dicale<\/strong><br \/>\nLa nouvelle structure administrative de la Mont\u00e9r\u00e9gie entra\u00eene des transformations importantes au niveau de la gouvernance m\u00e9dicale, tant au niveau de la m\u00e9decine g\u00e9n\u00e9rale que de la m\u00e9decine sp\u00e9cialis\u00e9e. En collaboration avec certains leaders m\u00e9dicaux, la direction des services professionnels pr\u00e9sentera \u00e0 la fin octobre une nouvelle structure de gouvernance ainsi qu\u2019un nouveau plan clinique qui permettront d\u2019harmoniser les pratiques et d\u2019assurer une meilleure fluidit\u00e9 des services offerts aux usagers et \u00e0 la population.<\/p>\n<p><strong>Premi\u00e8re\u00a0rencontre du DRMG du CISSS de la Mont\u00e9r\u00e9gie-Centre et premier colloque sur l&rsquo;organisation m\u00e9dicale de premi\u00e8re ligne<\/strong><br \/>\nLe 8 mai dernier se tenait la premi\u00e8re rencontre du d\u00e9partement r\u00e9gional de m\u00e9decine g\u00e9n\u00e9rale (DRMG) du CISSS de la Mont\u00e9r\u00e9gie-Centre. Cette rencontre regroupait des leaders m\u00e9dicaux de la 1\u00e8re\u00a0ligne provenant des h\u00f4pitaux, GMF et clinques du nouveau territoire. Cette premi\u00e8re activit\u00e9 d\u2019\u00e9changes fut un franc succ\u00e8s.<\/p>\n<p>De plus, le 20 novembre prochain aura lieu la toute premi\u00e8re \u00e9dition du Colloque du DRMG du CISSS de la Mont\u00e9r\u00e9gie-Centre. Regroupant plus d&rsquo;une centaine de m\u00e9decins, pharmaciens et autres professionnels de la sant\u00e9 des territoires de Haut-Richelieu\u2013Rouville et de Champlain\u2013Charles-Le Moyne, cet \u00e9v\u00e9nement pr\u00e9sentera des conf\u00e9rences et des ateliers afin de soutenir la qualit\u00e9 des services m\u00e9dicaux offerts aux usagers, par les m\u00e9decins de la premi\u00e8re ligne.<\/p>\n<p><strong>Tourn\u00e9e des installations<br \/>\n<\/strong>Je poursuivrai \u00e9galement\u00a0ma tourn\u00e9e des installations du CISSS dans les prochaines semaines. J&rsquo;ai malheureusement d\u00fb annuler quelques rendez-vous\u00a0ce printemps en raison d&rsquo;imp\u00e9ratifs qui se sont ajout\u00e9s \u00e0 mon agenda, mais\u00a0ce n&rsquo;est que partie remise.\u00a0Les \u00e9changes que j&rsquo;ai eus pour le moment avec vous ont \u00e9t\u00e9 tr\u00e8s enrichissants et j&rsquo;ai bien h\u00e2te de poursuivre l&rsquo;exp\u00e9rience.<\/p>\n<p>En terminant, je tiens \u00e0 remercier tous les employ\u00e9s du CISSS de la Mont\u00e9r\u00e9gie-Centre qui, malgr\u00e9 cette p\u00e9riode de grands changements, continuent \u00e0 travailler avec professionnalisme et offrent toujours d&rsquo;excellents services \u00e0 la population en\u00a0y mettant tout leur c\u0153ur. Je vous souhaite de passer de belles vacances. Profitez de cette p\u00e9riode de repos pour passer de bons moments avec votre famille et vos amis.<\/p>\n<p>Bon \u00e9t\u00e9!<\/p>\n","protected":false},"excerpt":{"rendered":"<p>&nbsp; Avant que la plupart d&rsquo;entre nous quittions pour des vacances bien m\u00e9rit\u00e9es, je tenais \u00e0 vous communiquer\u00a0quelques informations concernant notre organisation qui continue \u00e0 prendre forme.<\/p>\n","protected":false},"author":1,"featured_media":0,"comment_status":"open","ping_status":"closed","sticky":false,"template":"","format":"standard","meta":{"footnotes":""},"categories":[9],"tags":[],"_links":{"self":[{"href":"https:\/\/santemc.quebec\/icentre\/wp-json\/wp\/v2\/posts\/492"}],"collection":[{"href":"https:\/\/santemc.quebec\/icentre\/wp-json\/wp\/v2\/posts"}],"about":[{"href":"https:\/\/santemc.quebec\/icentre\/wp-json\/wp\/v2\/types\/post"}],"author":[{"embeddable":true,"href":"https:\/\/santemc.quebec\/icentre\/wp-json\/wp\/v2\/users\/1"}],"replies":[{"embeddable":true,"href":"https:\/\/santemc.quebec\/icentre\/wp-json\/wp\/v2\/comments?post=492"}],"version-history":[{"count":17,"href":"https:\/\/santemc.quebec\/icentre\/wp-json\/wp\/v2\/posts\/492\/revisions"}],"predecessor-version":[{"id":529,"href":"https:\/\/santemc.quebec\/icentre\/wp-json\/wp\/v2\/posts\/492\/revisions\/529"}],"wp:attachment":[{"href":"https:\/\/santemc.quebec\/icentre\/wp-json\/wp\/v2\/media?parent=492"}],"wp:term":[{"taxonomy":"category","embeddable":true,"href":"https:\/\/santemc.quebec\/icentre\/wp-json\/wp\/v2\/categories?post=492"},{"taxonomy":"post_tag","embeddable":true,"href":"https:\/\/santemc.quebec\/icentre\/wp-json\/wp\/v2\/tags?post=492"}],"curies":[{"name":"wp","href":"https:\/\/api.w.org\/{rel}","templated":true}]}}