{"id":4924,"date":"2017-06-09T15:00:14","date_gmt":"2017-06-09T19:00:14","guid":{"rendered":"http:\/\/santemc.quebec\/icentre\/?p=4924"},"modified":"2017-06-09T15:22:16","modified_gmt":"2017-06-09T19:22:16","slug":"bilan-recrutement-200-embauches-depuis-le-1er-avril-copy-copy-copy","status":"publish","type":"post","link":"https:\/\/santemc.quebec\/icentre\/bilan-recrutement-200-embauches-depuis-le-1er-avril-copy-copy-copy\/","title":{"rendered":"Bilan recrutement : 222 nouvelles entr\u00e9es en fonction entre le 26 mai et le 8 juin"},"content":{"rendered":"<p>Le recrutement du personnel se poursuit intens\u00e9ment : entre le 26 mai et le 8 juin, pas moins de 222 nouvelles personnes se sont ajout\u00e9es \u00e0 nos \u00e9quipes, ce qui nous am\u00e8ne \u00e0 accueillir 516\u00a0nouveaux employ\u00e9s au sein de notre organisation depuis le 1<sup>er<\/sup> avril.<\/p>\n<p><a href=\"https:\/\/infogr.am\/welcome_your_first_project-9889\"><img decoding=\"async\" loading=\"lazy\" class=\"alignleft wp-image-4949 size-full\" src=\"http:\/\/santemc.quebec\/santemc\/icentre\/wp-content\/uploads\/2017\/06\/recrutement9juin.png\" alt=\"\" width=\"692\" height=\"587\" srcset=\"https:\/\/santemc.quebec\/santemc\/icentre\/wp-content\/uploads\/2017\/06\/recrutement9juin.png 692w, https:\/\/santemc.quebec\/santemc\/icentre\/wp-content\/uploads\/2017\/06\/recrutement9juin-300x254.png 300w, https:\/\/santemc.quebec\/santemc\/icentre\/wp-content\/uploads\/2017\/06\/recrutement9juin-354x300.png 354w\" sizes=\"(max-width: 692px) 100vw, 692px\" \/><\/a><\/p>\n<p><!--more--><\/p>\n<p>&nbsp;<\/p>\n<p><strong>Nous souhaitons \u00e0 tous les nouveaux employ\u00e9s la bienvenue dans notre organisation!<\/strong><\/p>\n<div style=\"width: 100%; float: left;\">\n<div style=\"width: 45%; float: left;\">\n<p><strong>Pour le RLS Champlain<\/strong><\/p>\n<p><strong>Groupe infirmi\u00e8res (25)<\/strong><\/p>\n<ul>\n<li>Viky Bigaouette<\/li>\n<li>Christopher Dionne-Alzate<\/li>\n<li>Suzanne Morissette<\/li>\n<li>Kathryne Ouimet<\/li>\n<li>Magali St-Georges<\/li>\n<li>Julie Gauvreau (Infirmi\u00e8re clinicienne)<\/li>\n<li>Srishtie Kaur Banga (CEPI)<\/li>\n<li>Emrick Beaulieu Berthiaume (CEPI)<\/li>\n<li>Edona Beha (CEPI)<\/li>\n<li>Farahnaz Hussainyar (CEPI)<\/li>\n<li>Jodi Kalubi (CEPI)<\/li>\n<li>Sarah Pariseau Boyer (CEPI)<\/li>\n<li>Anne-Julie Roy (CEPI)<\/li>\n<li>Hyguette Tchokouadeu (CEPI)<\/li>\n<li>Cindy Zheng (CEPI)<\/li>\n<li>Samantha B\u00e9langer (Externe)<\/li>\n<li>Karolane Cajolais (Externe)<\/li>\n<li>Emma Couture (Externe)<\/li>\n<li>Fanny Ginette Dambia (Externe)<\/li>\n<li>Benjamin Domenech (Externe)<\/li>\n<li>Sherley Jean-Paul (Externe)<\/li>\n<li>Julie M\u00e9nard (Externe)<\/li>\n<li>Lina Maria Mesa Sanchez (Externe)<\/li>\n<li>Lydia Morganti (Externe)<\/li>\n<li>Hilary St-Pierre (Externe)<\/li>\n<\/ul>\n<p><strong>Infirmi\u00e8res auxiliaires (1)<\/strong><\/p>\n<ul>\n<li>Anisoara Vladu<\/li>\n<\/ul>\n<p><strong>Pr\u00e9pos\u00e9es aux b\u00e9n\u00e9ficiaires (16)<\/strong><\/p>\n<ul>\n<li>Sawiz Amid<\/li>\n<li>Emmanuel Mo\u00efse Camille<\/li>\n<li>Sarah Dulude<\/li>\n<li>Joanie Dumontet<\/li>\n<li>Amal El Hamri<\/li>\n<li>Naicarme Guignard<\/li>\n<li>Suzanne Joannette<\/li>\n<li>Esther Kanjinga<\/li>\n<li>Talato Kouraogo<\/li>\n<li>Simon M\u00e9nard<\/li>\n<li>Nadine Nicolas<\/li>\n<li>Jos\u00e9e Poirier<\/li>\n<li>Steeve Vladimir Rock<\/li>\n<li>Amoin Sia<\/li>\n<li>M\u00e9lanie St-Amant<\/li>\n<li>Samira Yahya<\/li>\n<\/ul>\n<p><strong>Personnel\u00a0administratif (15)<\/strong><\/p>\n<ul>\n<li>Myl\u00e8ne Archambault (Agente administrative)<\/li>\n<li>Vincent Beaudoin (Agent administratif)<\/li>\n<li>Guillaume Deschamps (Agent administratif)<\/li>\n<li>Lorena Alejandra Guzman (Agente administrative)<\/li>\n<li>Maude Huot-Locas (Agente administrative)<\/li>\n<li>Maygane Jos\u00e9-Prince (Agente administrative)<\/li>\n<li>Cindy Julien (Agente administrative)<\/li>\n<li>M\u00e9lissa Lalibert\u00e9 (Agente administrative)<\/li>\n<li>Natalie Marin (Agente administrative)<\/li>\n<li>Gabriel Reid (Agent administratif)<\/li>\n<li>Adrian Vilo (Agent administratif)<\/li>\n<li>Julie Bickerstaff (Agente de planification, programmation et recherche)<\/li>\n<li>Claire Dufresne (Agente de planification, programmation et recherche)<\/li>\n<li>Christine Gr\u00e9goire (Agente planification, programmation et recherche)<\/li>\n<li>St\u00e9phanie Bilodeau (Secr\u00e9taire m\u00e9dicale)<\/li>\n<\/ul>\n<p><strong>Professionnels et techniciens\u00a0en sant\u00e9 services sociaux (25)<\/strong><\/p>\n<ul>\n<li>Rohini Aboule (Archiviste m\u00e9dicale)<\/li>\n<li>Julie Desgagn\u00e9 (Archiviste m\u00e9dicale)<\/li>\n<li>Judith Mampoko Manueno (Archiviste m\u00e9dicale)<\/li>\n<li>Mathieu Bergeron-Verville (Assistant technique au laboratoire)<\/li>\n<li>Mariska Daigle (Assistante technique au laboratoire)<\/li>\n<li>Camylle Farly (Assistante technique au laboratoire)<\/li>\n<li>Chlo\u00e9 Ferland (Assistante technique au laboratoire)<\/li>\n<li>Vanessa Larivi\u00e8re (Assistante technique au laboratoire)<\/li>\n<li>Ang\u00e9lique Lauret (Assistante technique au laboratoire)<\/li>\n<li>Camille Fr\u00e9d\u00e9rique Lavoie (Assistante technique au laboratoire)<\/li>\n<li>Hoang Bao Tran Pham (Assistante technique au laboratoire)<\/li>\n<li>Roxanne Mongeau (Assistante technique en pharmacie)<\/li>\n<li>Genevi\u00e8ve Plante (Biochimiste clinique)<\/li>\n<li>Jo\u00eblle Boileau (\u00c9ducatrice)<\/li>\n<li>C laudia Esper Franco (\u00c9ducatrice)<\/li>\n<li>Karolane Perron (\u00c9ducatrice)<\/li>\n<li>Joannie Roy (\u00c9ducatrice)<\/li>\n<li>Monelle Boucher (Externe en technologies m\u00e9dicales)<\/li>\n<li>Alexandra Bourque (Physicienne)<\/li>\n<li>Soumaya Belhoussine (Psychologue)<\/li>\n<li>Am\u00e9lie Bri\u00e8re (Techniciene de laboratoire m\u00e9dical)<\/li>\n<li>Diana Isabela Sandru (Technicienne en di\u00e9t\u00e9tique)<\/li>\n<li>Enrick Galipeau (Technologiste m\u00e9dical)<\/li>\n<li>Roxanne Moquin (Technologue en radiodiagnostic)<\/li>\n<li>Fr\u00e9d\u00e9ric Larocque (Travailleur social)<\/li>\n<\/ul>\n<p><strong>Personnel de\u00a0soutien (11)<\/strong><\/p>\n<ul>\n<li>Blanca Cecilia Barbosa Suescun (Cuisini\u00e8re)<\/li>\n<li>Caroline El Hajj (Pr\u00e9pos\u00e9e \u00e0 l&rsquo;entretien m\u00e9nager)<\/li>\n<li>Alexandre Gaudet (Pr\u00e9pos\u00e9 \u00e0 l&rsquo;entretien m\u00e9nager)<\/li>\n<li>Gabriel Lamontagne (Pr\u00e9pos\u00e9 \u00e0 l&rsquo;entretien m\u00e9nager)<\/li>\n<li>Gabrielle Morissette (Pr\u00e9pos\u00e9e \u00e0 l&rsquo;entretien m\u00e9nager)<\/li>\n<li>Thomas Dubreuil-Coyles (Pr\u00e9pos\u00e9 au service alimentaire)<\/li>\n<li>Hugo Proulx-Loiselle (Pr\u00e9pos\u00e9 au service alimentaire)<\/li>\n<li>Colette B\u00e9rub\u00e9 (Pr\u00e9pos\u00e9e au service alimentaire)<\/li>\n<li>Annie Bouchard (Pr\u00e9pos\u00e9e au service alimentaire)<\/li>\n<li>Gloria Leon (Pr\u00e9pos\u00e9e au service alimentaire)<\/li>\n<li>Cynthia Tremblay (Pr\u00e9pos\u00e9e au service alimentaire)<\/li>\n<\/ul>\n<\/div>\n<div style=\"width: 10%; float: left;\">\n<p>&nbsp;<\/p>\n<\/div>\n<div style=\"width: 45%; float: left;\">\n<p><strong>Pour le RLS\u00a0du Haut-Richelieu &#8211; Rouville<\/strong><\/p>\n<p><strong>Groupe infirmi\u00e8res (48)<\/strong><\/p>\n<ul>\n<li>Katherine Simoneau<\/li>\n<li>Olivier Beno\u00eet-V\u00e9zina<\/li>\n<li>Aicha Ouakrim<\/li>\n<li>Kathy Guillemette<\/li>\n<li>Am\u00e9lie Leduc<\/li>\n<li>Nancy Brisson<\/li>\n<li>Laurence Carreau\u00a0(CEPI)<\/li>\n<li>Laurie Fourcreault\u00a0(CEPI)<\/li>\n<li>Anipier Bilodeau-Paquet\u00a0(CEPI)<\/li>\n<li>Marie-Christine Charest\u00a0(CEPI)<\/li>\n<li>F\u00e9lix Clarkson\u00a0(CEPI)<\/li>\n<li>Sophie Couture\u00a0(CEPI)<\/li>\n<li>Marie-Christine Dauray\u00a0(CEPI)<\/li>\n<li>Camille Latreille\u00a0(CEPI)<\/li>\n<li>Joanie Davrieux-Labelle\u00a0(CEPI)<\/li>\n<li>Virginie Gaudreault\u00a0(CEPI)<\/li>\n<li>Andr\u00e9anne Guay-Bilodeau\u00a0(CEPI)<\/li>\n<li>Laurie Foucreault\u00a0(CEPI)<\/li>\n<li>Laurence Girard\u00a0(CEPI)<\/li>\n<li>Laurence Martin\u00a0(CEPI)<\/li>\n<li>Marie-Michelle Thibodeau\u00a0(CEPI)<\/li>\n<li>Elena Chevel\u00a0(CEPI)<\/li>\n<li>Jacinthe Dupuis(CEPI)<\/li>\n<li>\u00c9milie Beauchesne (CEPI)<\/li>\n<li>Marjorie Tremblay-Rouleau\u00a0(CEPI)<\/li>\n<li>Sandy Lafrance\u00a0(CEPI)<\/li>\n<li>Olivier R\u00e9millard\u00a0(CEPI)<\/li>\n<li>Behista Rasuly\u00a0(CEPI)<\/li>\n<li>Karolan Sauriol\u00a0(CEPI)<\/li>\n<li>Audrey Letendre\u00a0(CEPI)<\/li>\n<li>Mollie Lepage\u00a0(CEPI)<\/li>\n<li>Marie-\u00c8ve Gallant (CEPI)<\/li>\n<li>Maude Chouinard\u00a0(CEPI)<\/li>\n<li>Roxanne Bernard (Externe)<\/li>\n<li>Eillen Lafrance\u00a0(Externe)<\/li>\n<li>Karl Cloutier\u00a0(Externe)<\/li>\n<li>Moumouni Moussa Rekiatou\u00a0(Externe)<\/li>\n<li>Jacques Dessemedo\u00a0(Externe)<\/li>\n<li>Adama-Stell Cont\u00e9\u00a0(Externe)<\/li>\n<li>No\u00e9mie Lavoie-Fr\u00e9geau\u00a0(Externe)<\/li>\n<li>Marie-\u00c8ve Aub\u00e9\u00a0(Externe)<\/li>\n<li>Louis-Philip B\u00e9dard\u00a0(Externe)<\/li>\n<li>Caroline Rouleau\u00a0(Externe)<\/li>\n<li>Shanny Bouchard\u00a0(Externe)<\/li>\n<li>Klaudia Dub\u00e9\u00a0(Externe)<\/li>\n<li>Gabrielle Houde\u00a0(Externe)<\/li>\n<li>\u00c9mily Lafleur\u00a0(Externe)<\/li>\n<li>Anick Lambert\u00a0(Externe)<\/li>\n<\/ul>\n<p><strong>Infirmi\u00e8res auxiliaires (5)<\/strong><\/p>\n<ul>\n<li>Anabel Sabourin-Rousseau<\/li>\n<li>Alexandra Claveau<\/li>\n<li>Nad\u00e8ge Bielen<\/li>\n<li>Annie Dufour<\/li>\n<li>\u00c9douard Aluc<\/li>\n<\/ul>\n<p><strong>Pr\u00e9pos\u00e9es aux b\u00e9n\u00e9ficiaires (34)<\/strong><\/p>\n<ul>\n<li>Anne-Marie Choini\u00e8re<\/li>\n<li>Catherine Lemieux<\/li>\n<li>Bianca Laperle<\/li>\n<li>Annabelle Rocheleau<\/li>\n<li>JN Max Charles<\/li>\n<li>Marylou Sauriol-Varin<\/li>\n<li>Tania Camir\u00e9<\/li>\n<li>Sandra Bilodeau<\/li>\n<li>Anne-Sophie Robitaille (\u00c9tudiante)<\/li>\n<li>Kim Savard\u00a0(\u00c9tudiante)<\/li>\n<li>Jo\u00eblle\u00a0 D\u00e9ry\u00a0(\u00c9tudiante)<\/li>\n<li>Karelle Jodoin-Poirier\u00a0(\u00c9tudiante)<\/li>\n<li>Katherine Chenel\u00a0(\u00c9tudiante)<\/li>\n<li>Joanie Chenail\u00a0(\u00c9tudiante)<\/li>\n<li>Noel Enrique Manzeano Cabrera\u00a0(\u00c9tudiant)<\/li>\n<li>Judith Ostiguy\u00a0(\u00c9tudiante)<\/li>\n<li>Patricia Beauchemin-Pinard\u00a0(\u00c9tudiante)<\/li>\n<li>Pierre-Georges Kalach\u00a0(\u00c9tudiant)<\/li>\n<li>Zo\u00e9 Laverdi\u00e8re\u00a0(\u00c9tudiante)<\/li>\n<li>Claudie Marenger\u00a0(\u00c9tudiante)<\/li>\n<li>Renaud Beaus\u00e9jour\u00a0(\u00c9tudiant)<\/li>\n<li>Aissa Matoub\u00a0(\u00c9tudiante)<\/li>\n<li>Aissa Boly\u00a0(\u00c9tudiante)<\/li>\n<li>Marilou Desrochers\u00a0(\u00c9tudiante)<\/li>\n<li>Winnie-Sarah Vallerand\u00a0(\u00c9tudiante)<\/li>\n<li>Ariane Savaria\u00a0(\u00c9tudiante)<\/li>\n<li>Pascal Papineau\u00a0(\u00c9tudiant)<\/li>\n<li>\u00c9lizabeth Demers\u00a0(\u00c9tudiante)<\/li>\n<li>Kassandra Larocque\u00a0(\u00c9tudiante)<\/li>\n<li>Catherine Robichaud\u00a0(\u00c9tudiante)<\/li>\n<li>Audrey Provost\u00a0(\u00c9tudiante)<\/li>\n<li>Yanick Champagne\u00a0(\u00c9tudiant)<\/li>\n<li>Karl B.Cloutier\u00a0(\u00c9tudiant)<\/li>\n<li>Roxanne Beaudry\u00a0(\u00c9tudiante)<\/li>\n<\/ul>\n<p><strong>Professionnels et techniciens\u00a0en sant\u00e9 services sociaux (16)<\/strong><\/p>\n<ul>\n<li>Anne Demers (Inhaloth\u00e9rapeute externe)<\/li>\n<li>Catherine Filiatrault\u00a0(Inhaloth\u00e9rapeute externe)<\/li>\n<li>Audrey-Ann Rochefort (Travailleuse sociale)<\/li>\n<li>Carole De Vleeschawer\u00a0(Travailleuse sociale)<\/li>\n<li>St\u00e9panie Segieth (Travailleuse sociale)<\/li>\n<li>Am\u00e9lie Blain (Agente de relation humaine)<\/li>\n<li>Hugo Tremblay\u00a0(Agente de relation humaine)<\/li>\n<li>Sylvie-Anne Fournier (Technicienne en radiologie)<\/li>\n<li>M\u00e9lany Tutle P\u00a0(Technicienne en radiologie)<\/li>\n<li>Patricia Marchessault (Externe en technologie m\u00e9dicale)<\/li>\n<li>Jessica Arsenault (Externe en technologie m\u00e9dicale)<\/li>\n<li>Karolane Lacroix (Technicienne en assistance sociale)<\/li>\n<li>Cassandra Mauboussin\u00a0 (Technicienne en assistance sociale)<\/li>\n<li>Karianne H\u00e9bert (Technicienne en di\u00e9t\u00e9tique)<\/li>\n<li>Gabrielle Paquette (Technicien en laboratoire)<\/li>\n<li>Claudia Maure (\u00c9ducatrice)<\/li>\n<\/ul>\n<p><strong>Personnel\u00a0administratif (5)<\/strong><\/p>\n<ul>\n<li>Celine B\u00e9langer (Agente administrative)<\/li>\n<li>Mary Eve Caux\u00a0(Agente administrative)<\/li>\n<li>Jessica Boucher\u00a0(Agente administrative)<\/li>\n<li>Danielle Rome\u00a0(Agente administrative)<\/li>\n<li>Cynthia Lefran\u00e7ois\u00a0(Agente administrative)<\/li>\n<\/ul>\n<p><strong><b>Personnel\u00a0de soutien\u00a0(21)<\/b><\/strong><\/p>\n<ul>\n<li>Isabelle Germain (Aide de service)<\/li>\n<li>\u00c9lo\u00efse Rivard\u00a0(Aide de service)<\/li>\n<li>Am\u00e9lie Fortin\u00a0(Aide de service)<\/li>\n<li>St\u00e9phanie Br\u00fbl\u00e9\u00a0(Aide de service)<\/li>\n<li>Jo\u00eblle Guillet\u00a0(Aide de service)<\/li>\n<li>Tommy Normandin-Racine\u00a0(Aide de service)<\/li>\n<li>Carolyne Ph\u00e9nix\u00a0(Aide de service)<\/li>\n<li>Camille Naud-Cliche\u00a0(Aide de service)<\/li>\n<li>Emy Allard (Aide de service)<\/li>\n<li>Stephano Gopee\u00a0(Aide de service)<\/li>\n<li>\u00c9dith Rocheleau\u00a0(Aide de service)<\/li>\n<li>Chantal Gagn\u00e9\u00a0(Aide de service)<\/li>\n<li>Kellyna Laprade-Courchesne\u00a0(Aide de service)<\/li>\n<li>Samuel Boyer\u00a0(Aide de service)<\/li>\n<li>Catherine Chantelois\u00a0(Aide de service)<\/li>\n<li>Chantal Legault (Aide-cuisini\u00e8re)<\/li>\n<li>Pam\u00e9la Br\u00fbl\u00e9 (Auxiliaire au service sant\u00e9 sociaux)<\/li>\n<li>Anne-Marie Michidi (Auxiliaire au service sant\u00e9 sociaux)<\/li>\n<li>L\u00e9a Tringle-Ouimette (Pr\u00e9pos\u00e9e\u00a0au service alimentaire)<\/li>\n<li>Maude Bruzzese\u00a0(Pr\u00e9pos\u00e9e au service alimentaire)<\/li>\n<li>Karine Morier\u00a0(Pr\u00e9pos\u00e9e au service alimentaire)<\/li>\n<\/ul>\n<\/div>\n<\/div>\n<p>&nbsp;<\/p>\n<p>&nbsp;<\/p>\n","protected":false},"excerpt":{"rendered":"<p>Le recrutement du personnel se poursuit intens\u00e9ment : entre le 26 mai et le 8 juin, pas moins de 222 nouvelles personnes se sont ajout\u00e9es \u00e0 nos \u00e9quipes, ce qui nous am\u00e8ne \u00e0 accueillir 516\u00a0nouveaux employ\u00e9s au sein de notre &hellip; <a href=\"https:\/\/santemc.quebec\/icentre\/bilan-recrutement-200-embauches-depuis-le-1er-avril-copy-copy-copy\/\">Continuer la lecture <span class=\"meta-nav\">&rarr;<\/span><\/a><\/p>\n","protected":false},"author":1,"featured_media":0,"comment_status":"open","ping_status":"closed","sticky":false,"template":"","format":"standard","meta":{"footnotes":""},"categories":[91],"tags":[],"_links":{"self":[{"href":"https:\/\/santemc.quebec\/icentre\/wp-json\/wp\/v2\/posts\/4924"}],"collection":[{"href":"https:\/\/santemc.quebec\/icentre\/wp-json\/wp\/v2\/posts"}],"about":[{"href":"https:\/\/santemc.quebec\/icentre\/wp-json\/wp\/v2\/types\/post"}],"author":[{"embeddable":true,"href":"https:\/\/santemc.quebec\/icentre\/wp-json\/wp\/v2\/users\/1"}],"replies":[{"embeddable":true,"href":"https:\/\/santemc.quebec\/icentre\/wp-json\/wp\/v2\/comments?post=4924"}],"version-history":[{"count":19,"href":"https:\/\/santemc.quebec\/icentre\/wp-json\/wp\/v2\/posts\/4924\/revisions"}],"predecessor-version":[{"id":4951,"href":"https:\/\/santemc.quebec\/icentre\/wp-json\/wp\/v2\/posts\/4924\/revisions\/4951"}],"wp:attachment":[{"href":"https:\/\/santemc.quebec\/icentre\/wp-json\/wp\/v2\/media?parent=4924"}],"wp:term":[{"taxonomy":"category","embeddable":true,"href":"https:\/\/santemc.quebec\/icentre\/wp-json\/wp\/v2\/categories?post=4924"},{"taxonomy":"post_tag","embeddable":true,"href":"https:\/\/santemc.quebec\/icentre\/wp-json\/wp\/v2\/tags?post=4924"}],"curies":[{"name":"wp","href":"https:\/\/api.w.org\/{rel}","templated":true}]}}