{"id":4937,"date":"2017-06-08T14:09:00","date_gmt":"2017-06-08T18:09:00","guid":{"rendered":"http:\/\/santemc.quebec\/icentre\/?p=4937"},"modified":"2017-06-15T09:38:12","modified_gmt":"2017-06-15T13:38:12","slug":"cest-la-leucemie-docteur-en-route-vers-le-defi-des-generations-contre-le-cancer-avec-mark-bedford","status":"publish","type":"post","link":"https:\/\/santemc.quebec\/icentre\/cest-la-leucemie-docteur-en-route-vers-le-defi-des-generations-contre-le-cancer-avec-mark-bedford\/","title":{"rendered":"\u00ab\u00a0C&rsquo;est la leuc\u00e9mie, docteur?\u00a0\u00bb &#8211; En route vers le D\u00e9fi des g\u00e9n\u00e9rations contre le cancer avec Mark Bedford"},"content":{"rendered":"<div style=\"width: 310px\" class=\"wp-caption alignleft\"><img decoding=\"async\" loading=\"lazy\" src=\"http:\/\/www.fhclm.ca\/wp-content\/uploads\/2017\/06\/Mark-2-600x450.jpg\" alt=\"\" width=\"300\" height=\"225\" \/><p class=\"wp-caption-text\">C\u2019est moi, Mark Bedford. Pompier \u00e0 Otterburn Park et fier ambassadeur du D\u00e9fi des g\u00e9n\u00e9rations contre le cancer.<\/p><\/div>\n<p>\u00ab\u00a0Oui, c\u2019est la leuc\u00e9mie, monsieur\u00a0\u00bb. Voil\u00e0 comment la r\u00e9ponse \u00e0 une simple question a fait basculer ma vie.<\/p>\n<p>Je m\u2019appelle Mark Bedford. P\u00e8re de deux ados, je suis pompier \u00e0 Otterburn Park \u00e0 temps partiel et je travaille dans le domaine financier pour Aviva.<\/p>\n<p>En septembre 2014, j\u2019ai \u00e9t\u00e9 diagnostiqu\u00e9 d\u2019une leuc\u00e9mie aigu\u00eb et imm\u00e9diatement transf\u00e9r\u00e9 \u00e0 l\u2019H\u00f4pital Charles-Le Moyne. Durant les trois derni\u00e8res ann\u00e9es, cet H\u00f4pital est devenu un second chez-moi.<!--more--><\/p>\n<p>J\u2019ai v\u00e9cu de longues p\u00e9riodes dans une chambre du 4<sup>e<\/sup> Sud, en isolement, parce que tout contact avec le monde ext\u00e9rieur \u00e9tait trop dangereux en raison de mon syst\u00e8me immunitaire \u00e0 plat. J\u2019y suis retourn\u00e9 plusieurs fois en urgence \u00e0 cause d\u2019infections qui auraient d\u00fb \u00eatre b\u00e9nignes mais qui ont d\u00e9g\u00e9n\u00e9r\u00e9. Bref, mon histoire des derni\u00e8res ann\u00e9es est intimement li\u00e9e \u00e0 celle de l\u2019H\u00f4pital Charles-Le Moyne et surtout, de son personnel incroyable et d\u00e9vou\u00e9.<\/p>\n<p>Si aujourd\u2019hui je suis en r\u00e9mission, c\u2019est gr\u00e2ce au miracle de la science, mais aussi \u00e0 l\u2019expertise de toutes les personnes qui se sont occup\u00e9es de moi \u00e0 chaque instant.<\/p>\n<p>Ma fa\u00e7on de \u00ab\u00a0donner au suivant\u00a0\u00bb, c\u2019est de participer au D\u00e9fi des g\u00e9n\u00e9rations contre le cancer qui aura lieu le 30 septembre prochain \u00e0 Brossard. Tous les fonds amass\u00e9s seront remis \u00e0 l\u2019H\u00f4pital Charles-Le Moyne pour la canc\u00e9rologie. C\u2019est une cause qui me tient \u00e9norm\u00e9ment \u00e0 c\u0153ur\u2026 vous comprendrez facilement pourquoi!<\/p>\n<p>Je vous propose de suivre mes chroniques chaque semaine dans le i-Centre et sur le site de la Fondation. Bien s\u00fbr, j\u2019y parlerai de mon exp\u00e9rience des derni\u00e8res ann\u00e9es, mais aussi de ma remise en forme qui me m\u00e8nera jusqu\u2019au D\u00e9fi des g\u00e9n\u00e9rations contre le cancer! Alors, on se voit la semaine prochaine?<\/p>\n<p>Mark<\/p>\n<p><a href=\"http:\/\/www.fhclm.ca\/blogue\/\" target=\"_blank\" rel=\"noopener noreferrer\">http:\/\/www.fhclm.ca\/blogue\/<\/a><\/p>\n<p>&nbsp;<\/p>\n<p>&nbsp;<\/p>\n","protected":false},"excerpt":{"rendered":"<p>\u00ab\u00a0Oui, c\u2019est la leuc\u00e9mie, monsieur\u00a0\u00bb. Voil\u00e0 comment la r\u00e9ponse \u00e0 une simple question a fait basculer ma vie. Je m\u2019appelle Mark Bedford. P\u00e8re de deux ados, je suis pompier \u00e0 Otterburn Park \u00e0 temps partiel et je travaille dans le &hellip; <a href=\"https:\/\/santemc.quebec\/icentre\/cest-la-leucemie-docteur-en-route-vers-le-defi-des-generations-contre-le-cancer-avec-mark-bedford\/\">Continuer la lecture <span class=\"meta-nav\">&rarr;<\/span><\/a><\/p>\n","protected":false},"author":1,"featured_media":0,"comment_status":"open","ping_status":"closed","sticky":false,"template":"","format":"standard","meta":{"footnotes":""},"categories":[1],"tags":[96],"_links":{"self":[{"href":"https:\/\/santemc.quebec\/icentre\/wp-json\/wp\/v2\/posts\/4937"}],"collection":[{"href":"https:\/\/santemc.quebec\/icentre\/wp-json\/wp\/v2\/posts"}],"about":[{"href":"https:\/\/santemc.quebec\/icentre\/wp-json\/wp\/v2\/types\/post"}],"author":[{"embeddable":true,"href":"https:\/\/santemc.quebec\/icentre\/wp-json\/wp\/v2\/users\/1"}],"replies":[{"embeddable":true,"href":"https:\/\/santemc.quebec\/icentre\/wp-json\/wp\/v2\/comments?post=4937"}],"version-history":[{"count":3,"href":"https:\/\/santemc.quebec\/icentre\/wp-json\/wp\/v2\/posts\/4937\/revisions"}],"predecessor-version":[{"id":4940,"href":"https:\/\/santemc.quebec\/icentre\/wp-json\/wp\/v2\/posts\/4937\/revisions\/4940"}],"wp:attachment":[{"href":"https:\/\/santemc.quebec\/icentre\/wp-json\/wp\/v2\/media?parent=4937"}],"wp:term":[{"taxonomy":"category","embeddable":true,"href":"https:\/\/santemc.quebec\/icentre\/wp-json\/wp\/v2\/categories?post=4937"},{"taxonomy":"post_tag","embeddable":true,"href":"https:\/\/santemc.quebec\/icentre\/wp-json\/wp\/v2\/tags?post=4937"}],"curies":[{"name":"wp","href":"https:\/\/api.w.org\/{rel}","templated":true}]}}