{"id":4952,"date":"2017-06-09T15:43:35","date_gmt":"2017-06-09T19:43:35","guid":{"rendered":"http:\/\/santemc.quebec\/icentre\/?p=4952"},"modified":"2017-06-09T16:07:56","modified_gmt":"2017-06-09T20:07:56","slug":"mission-accomplie-pour-le-demenagement-de-lurgence-de-lhclm","status":"publish","type":"post","link":"https:\/\/santemc.quebec\/icentre\/mission-accomplie-pour-le-demenagement-de-lurgence-de-lhclm\/","title":{"rendered":"Mission accomplie pour le d\u00e9m\u00e9nagement de l\u2019urgence de l\u2019HCLM!"},"content":{"rendered":"<div id=\"attachment_4965\" style=\"width: 235px\" class=\"wp-caption alignleft\"><img aria-describedby=\"caption-attachment-4965\" decoding=\"async\" loading=\"lazy\" class=\"size-medium wp-image-4965\" src=\"http:\/\/santemc.quebec\/santemc\/icentre\/wp-content\/uploads\/2017\/06\/IMG_0574-225x300.jpg\" alt=\"\" width=\"225\" height=\"300\" srcset=\"https:\/\/santemc.quebec\/santemc\/icentre\/wp-content\/uploads\/2017\/06\/IMG_0574-225x300.jpg 225w, https:\/\/santemc.quebec\/santemc\/icentre\/wp-content\/uploads\/2017\/06\/IMG_0574.jpg 480w\" sizes=\"(max-width: 225px) 100vw, 225px\" \/><p id=\"caption-attachment-4965\" class=\"wp-caption-text\">L&rsquo;\u00e9quipe du d\u00e9m\u00e9nagement<br \/>Robert L\u00e9tourneau, Anik Rossignol, Claudy Alary, Bruno Di tommasso et Caroline Durocher<\/p><\/div>\n<p>Apr\u00e8s avoir re\u00e7u la visite du personnel et des dignitaires ces derniers jours, la nouvelle urgence de l\u2019HCLM \u00e9tait fin pr\u00eate \u00e0 accueillir ses nouveaux patients mercredi dernier. D\u00e8s 3 h, plusieurs membres de l\u2019\u00e9quipe de l\u2019urgence s\u2019affairaient aux derniers pr\u00e9paratifs en vue du d\u00e9m\u00e9nagement officiel quelques heures plus tard. Gr\u00e2ce au remarquable travail d\u2019\u00e9quipe, l\u2019objectif qui \u00e9tait de finaliser les transferts pour 8 h a m\u00eame \u00e9t\u00e9 devanc\u00e9!<!--more--><\/p>\n<p>Il faut souligner que plusieurs \u00e9l\u00e9ments \u00e9taient rassembl\u00e9s pour g\u00e9n\u00e9rer ce succ\u00e8s. D\u2019abord, l\u2019organisation pr\u00e9alable, comprenant la r\u00e9orientation des ambulances durant le pic des transferts, la mobilisation de personnel suppl\u00e9mentaire et le taux d\u2019occupation \u00e9tonnamment bas. En effet, avec quelques patients dans la salle d\u2019attente et aucun dans la salle de choc, le moment \u00e9tait bien choisi\u2026 particuli\u00e8rement si l\u2019on consid\u00e8re que l\u2019urgence accueille en moyenne plus de 250 patients par jours.<\/p>\n<p>Pour ce bel accomplissement et l\u2019ensemble des \u00e9tapes qui y ont men\u00e9es, il convient de remercier les secteurs de la construction, logistique, informatique, salubrit\u00e9, g\u00e9nie biom\u00e9dical, etc. Sans oublier l\u2019engagement de l\u2019ensemble du personnel et des m\u00e9decins de l\u2019urgence, qui b\u00e9n\u00e9ficieront dor\u00e9navant d\u2019environnements beaucoup mieux adapt\u00e9s aux besoins de la client\u00e8le pour poursuivre leur mission.<\/p>\n<p>[huge_it_slider id=\u00a0\u00bb17&Prime;]<\/p>\n<p>&nbsp;<\/p>\n<p>&nbsp;<\/p>\n","protected":false},"excerpt":{"rendered":"<p>Apr\u00e8s avoir re\u00e7u la visite du personnel et des dignitaires ces derniers jours, la nouvelle urgence de l\u2019HCLM \u00e9tait fin pr\u00eate \u00e0 accueillir ses nouveaux patients mercredi dernier. D\u00e8s 3 h, plusieurs membres de l\u2019\u00e9quipe de l\u2019urgence s\u2019affairaient aux derniers &hellip; <a href=\"https:\/\/santemc.quebec\/icentre\/mission-accomplie-pour-le-demenagement-de-lurgence-de-lhclm\/\">Continuer la lecture <span class=\"meta-nav\">&rarr;<\/span><\/a><\/p>\n","protected":false},"author":1,"featured_media":0,"comment_status":"open","ping_status":"closed","sticky":false,"template":"","format":"standard","meta":{"footnotes":""},"categories":[1],"tags":[],"_links":{"self":[{"href":"https:\/\/santemc.quebec\/icentre\/wp-json\/wp\/v2\/posts\/4952"}],"collection":[{"href":"https:\/\/santemc.quebec\/icentre\/wp-json\/wp\/v2\/posts"}],"about":[{"href":"https:\/\/santemc.quebec\/icentre\/wp-json\/wp\/v2\/types\/post"}],"author":[{"embeddable":true,"href":"https:\/\/santemc.quebec\/icentre\/wp-json\/wp\/v2\/users\/1"}],"replies":[{"embeddable":true,"href":"https:\/\/santemc.quebec\/icentre\/wp-json\/wp\/v2\/comments?post=4952"}],"version-history":[{"count":5,"href":"https:\/\/santemc.quebec\/icentre\/wp-json\/wp\/v2\/posts\/4952\/revisions"}],"predecessor-version":[{"id":4972,"href":"https:\/\/santemc.quebec\/icentre\/wp-json\/wp\/v2\/posts\/4952\/revisions\/4972"}],"wp:attachment":[{"href":"https:\/\/santemc.quebec\/icentre\/wp-json\/wp\/v2\/media?parent=4952"}],"wp:term":[{"taxonomy":"category","embeddable":true,"href":"https:\/\/santemc.quebec\/icentre\/wp-json\/wp\/v2\/categories?post=4952"},{"taxonomy":"post_tag","embeddable":true,"href":"https:\/\/santemc.quebec\/icentre\/wp-json\/wp\/v2\/tags?post=4952"}],"curies":[{"name":"wp","href":"https:\/\/api.w.org\/{rel}","templated":true}]}}