{"id":4957,"date":"2017-06-09T08:50:49","date_gmt":"2017-06-09T12:50:49","guid":{"rendered":"http:\/\/santemc.quebec\/icentre\/?p=4957"},"modified":"2017-06-09T15:55:44","modified_gmt":"2017-06-09T19:55:44","slug":"le-cisss-en-vedette-lors-du-grand-forum-sur-la-sante-mentale","status":"publish","type":"post","link":"https:\/\/santemc.quebec\/icentre\/le-cisss-en-vedette-lors-du-grand-forum-sur-la-sante-mentale\/","title":{"rendered":"Le CISSS en vedette lors du Grand Forum sur la sant\u00e9 mentale"},"content":{"rendered":"<p>Dans le cadre du Grand forum sur la sant\u00e9 mentale qui s&rsquo;est tenu le 2 et 3 mai dernier, des professionnels du CISSS de la Mont\u00e9r\u00e9gie-Centre ont \u00e9t\u00e9 sollicit\u00e9s afin d&rsquo;animer un atelier sur l&rsquo;importance de la collaboration entre les services de premi\u00e8re ligne en sant\u00e9 mentale jeunesse ainsi que ceux des Centres jeunesse de la Mont\u00e9r\u00e9gie.<!--more--><\/p>\n<p>Youcef Ouadahi, agent de planification et de programmation de recherche pour la Direction des programmes de sant\u00e9 mentale et d\u00e9pendances, Dr S\u00e9bastien Bergeron, p\u00e9diatre sp\u00e9cialis\u00e9 avec les adolescents \u00e0 la Direction de sant\u00e9 publique ainsi que Mme Chantal Gibeau, chef d&rsquo;administration de programme de sant\u00e9 mentale jeunesse 1<sup>re<\/sup> ligne et clinique externe de p\u00e9dopsychiatrie de Haut-Richelieu-Rouville, ont \u00e9t\u00e9 mandat\u00e9s pour animer l\u2019atelier intitul\u00e9 \u00a0\u00bbD&rsquo;une premi\u00e8re ligne forte de sant\u00e9 mentale jeunesse en Mont\u00e9r\u00e9gie \u00e0 l&rsquo;int\u00e9gration des services jeunesse d&rsquo;un CISSS\u00a0\u00bb. La pr\u00e9sentation portait sur les r\u00e9sultats pr\u00e9liminaires d\u2019un projet d\u2019\u00e9valuation inter-CISSS qui propose de d\u00e9gager les pratiques prometteuses en mati\u00e8re d&rsquo;organisation des services de sant\u00e9 mentale jeunesse en premi\u00e8re ligne, \u00e0 la lumi\u00e8re de l\u2019exp\u00e9rience de quatre RLS (Champlain, Haut-Richelieu\u2014Rouville, Richelieu-Yamaska et Suro\u00eet) r\u00e9partis dans les trois CISSS de la Mont\u00e9r\u00e9gie et du Centre jeunesse. Les trajectoires de services en sant\u00e9 mentale ont \u00e9t\u00e9 analys\u00e9es en termes d\u2019accessibilit\u00e9, de continuit\u00e9, de qualit\u00e9 des soins et services et de r\u00e9ponse aux besoins des usagers.<\/p>\n<p>Bravo aux pr\u00e9sentateurs pour cet atelier qui a \u00e9t\u00e9 fortement appr\u00e9ci\u00e9 par les participants du Forum et qui a permis une bonne\u00a0visibilit\u00e9 pour notre organisation.<\/p>\n<p>&nbsp;<\/p>\n","protected":false},"excerpt":{"rendered":"<p>Dans le cadre du Grand forum sur la sant\u00e9 mentale qui s&rsquo;est tenu le 2 et 3 mai dernier, des professionnels du CISSS de la Mont\u00e9r\u00e9gie-Centre ont \u00e9t\u00e9 sollicit\u00e9s afin d&rsquo;animer un atelier sur l&rsquo;importance de la collaboration entre les &hellip; <a href=\"https:\/\/santemc.quebec\/icentre\/le-cisss-en-vedette-lors-du-grand-forum-sur-la-sante-mentale\/\">Continuer la lecture <span class=\"meta-nav\">&rarr;<\/span><\/a><\/p>\n","protected":false},"author":1,"featured_media":0,"comment_status":"open","ping_status":"closed","sticky":false,"template":"","format":"standard","meta":{"footnotes":""},"categories":[1],"tags":[],"_links":{"self":[{"href":"https:\/\/santemc.quebec\/icentre\/wp-json\/wp\/v2\/posts\/4957"}],"collection":[{"href":"https:\/\/santemc.quebec\/icentre\/wp-json\/wp\/v2\/posts"}],"about":[{"href":"https:\/\/santemc.quebec\/icentre\/wp-json\/wp\/v2\/types\/post"}],"author":[{"embeddable":true,"href":"https:\/\/santemc.quebec\/icentre\/wp-json\/wp\/v2\/users\/1"}],"replies":[{"embeddable":true,"href":"https:\/\/santemc.quebec\/icentre\/wp-json\/wp\/v2\/comments?post=4957"}],"version-history":[{"count":2,"href":"https:\/\/santemc.quebec\/icentre\/wp-json\/wp\/v2\/posts\/4957\/revisions"}],"predecessor-version":[{"id":4959,"href":"https:\/\/santemc.quebec\/icentre\/wp-json\/wp\/v2\/posts\/4957\/revisions\/4959"}],"wp:attachment":[{"href":"https:\/\/santemc.quebec\/icentre\/wp-json\/wp\/v2\/media?parent=4957"}],"wp:term":[{"taxonomy":"category","embeddable":true,"href":"https:\/\/santemc.quebec\/icentre\/wp-json\/wp\/v2\/categories?post=4957"},{"taxonomy":"post_tag","embeddable":true,"href":"https:\/\/santemc.quebec\/icentre\/wp-json\/wp\/v2\/tags?post=4957"}],"curies":[{"name":"wp","href":"https:\/\/api.w.org\/{rel}","templated":true}]}}