{"id":496,"date":"2015-07-02T15:59:13","date_gmt":"2015-07-02T19:59:13","guid":{"rendered":"http:\/\/santemc.quebec\/icentre\/?p=496"},"modified":"2015-07-02T15:59:13","modified_gmt":"2015-07-02T19:59:13","slug":"nomination-de-la-directrice-regionale-des-ressources-informationnelles","status":"publish","type":"post","link":"https:\/\/santemc.quebec\/icentre\/nomination-de-la-directrice-regionale-des-ressources-informationnelles\/","title":{"rendered":"Nomination de la directrice r\u00e9gionale des ressources informationnelles"},"content":{"rendered":"<p>C\u2019est avec plaisir que nous vous annon\u00e7ons la nomination de madame Chantal Normandeau au poste de directrice r\u00e9gionale des ressources informationnelles pour les CISSS de la Mont\u00e9r\u00e9gie. En effet, suivant une d\u00e9cision des trois pr\u00e9sidents-directeurs g\u00e9n\u00e9raux de la Mont\u00e9r\u00e9gie, les ressources informationnelles rel\u00e8veront d\u2019une gouvernance r\u00e9gionale. Mme Normandeau sera \u00e9paul\u00e9e par trois directeurs adjoints, soit un dans chacun des CISSS de la Mont\u00e9r\u00e9gie.<!--more--><\/p>\n<p>\u00c0 cet \u00e9gard, elle aura comme responsabilit\u00e9 de favoriser la mise en commun et l\u2019int\u00e9gration des syst\u00e8mes d\u2019information ainsi que l\u2019harmonisation des processus d\u2019implantation d\u2019une architecture informationnelle et technologique r\u00e9gionale conforme aux standards nationaux et r\u00e9pondant aux param\u00e8tres de s\u00e9curit\u00e9 et de confidentialit\u00e9.<br \/>\nElle d\u00e9tient un baccalaur\u00e9at en administration des affaires, un certificat en informatique ainsi qu\u2019une ma\u00eetrise en sciences de l\u2019administration sp\u00e9cialis\u00e9e en gestion et d\u00e9veloppement des organisations. Madame Normandeau oeuvre dans le r\u00e9seau de la sant\u00e9 et des services sociaux depuis plus de 28 ans.<\/p>\n<p>Au cours de sa carri\u00e8re, elle a occup\u00e9 plusieurs fonctions comme gestionnaire en informatique. En effet, de 2008 jusqu\u2019\u00e0 sa nomination 2012, elle a \u00e9t\u00e9 successivement coordonnatrice des ressources informationnelles r\u00e9seau et directrice adjointe des ressources informationnelles \u00e0 l\u2019Agence de la sant\u00e9 et des services sociaux de la Mont\u00e9r\u00e9gie. Auparavant, elle a occup\u00e9 diverses fonctions de gestion au sein du Centre jeunesse de Montr\u00e9al \u2013 Institut universitaire.<\/p>\n<p>Les derni\u00e8res ann\u00e9es ont \u00e9t\u00e9 riches en d\u00e9fis pour Madame Normandeau, car elle a entre autres pilot\u00e9 et g\u00e9r\u00e9 des projets importants dont le regroupement des centres de traitement informatique (CTIR) des \u00e9tablissements de la Mont\u00e9r\u00e9gie, l\u2019\u00e9laboration et le suivi du projet d\u2019acquisition d\u2019un dossier clinique informatique (DCI) r\u00e9gional ainsi que la r\u00e9gionalisation et la mise en commun de plus de 20 applications au Technocentre.<br \/>\nReconnue pour son sens de l\u2019organisation, sa vision et sa d\u00e9termination \u00e0 l\u2019atteinte des r\u00e9sultats, elle poss\u00e8de une grande capacit\u00e9 \u00e0 tisser des liens \u00e9troits avec des partenaires ce qui favorise la mise en place de processus efficaces pour rencontrer les cibles de rendement organisationnelles.<\/p>\n<p>Nous sommes tr\u00e8s heureux qu\u2019elle se joigne \u00e0 l\u2019\u00e9quipe des ressources informationnelles de la Mont\u00e9r\u00e9gie et nous lui souhaitons la meilleure des chances dans l\u2019exercice de ses nouvelles fonctions, et tout le succ\u00e8s voulu dans la poursuite de sa carri\u00e8re.<\/p>\n","protected":false},"excerpt":{"rendered":"<p>C\u2019est avec plaisir que nous vous annon\u00e7ons la nomination de madame Chantal Normandeau au poste de directrice r\u00e9gionale des ressources informationnelles pour les CISSS de la Mont\u00e9r\u00e9gie. En effet, suivant une d\u00e9cision des trois pr\u00e9sidents-directeurs g\u00e9n\u00e9raux de la Mont\u00e9r\u00e9gie, les &hellip; <a href=\"https:\/\/santemc.quebec\/icentre\/nomination-de-la-directrice-regionale-des-ressources-informationnelles\/\">Continuer la lecture <span class=\"meta-nav\">&rarr;<\/span><\/a><\/p>\n","protected":false},"author":1,"featured_media":0,"comment_status":"open","ping_status":"closed","sticky":false,"template":"","format":"standard","meta":{"footnotes":""},"categories":[2],"tags":[8],"_links":{"self":[{"href":"https:\/\/santemc.quebec\/icentre\/wp-json\/wp\/v2\/posts\/496"}],"collection":[{"href":"https:\/\/santemc.quebec\/icentre\/wp-json\/wp\/v2\/posts"}],"about":[{"href":"https:\/\/santemc.quebec\/icentre\/wp-json\/wp\/v2\/types\/post"}],"author":[{"embeddable":true,"href":"https:\/\/santemc.quebec\/icentre\/wp-json\/wp\/v2\/users\/1"}],"replies":[{"embeddable":true,"href":"https:\/\/santemc.quebec\/icentre\/wp-json\/wp\/v2\/comments?post=496"}],"version-history":[{"count":1,"href":"https:\/\/santemc.quebec\/icentre\/wp-json\/wp\/v2\/posts\/496\/revisions"}],"predecessor-version":[{"id":497,"href":"https:\/\/santemc.quebec\/icentre\/wp-json\/wp\/v2\/posts\/496\/revisions\/497"}],"wp:attachment":[{"href":"https:\/\/santemc.quebec\/icentre\/wp-json\/wp\/v2\/media?parent=496"}],"wp:term":[{"taxonomy":"category","embeddable":true,"href":"https:\/\/santemc.quebec\/icentre\/wp-json\/wp\/v2\/categories?post=496"},{"taxonomy":"post_tag","embeddable":true,"href":"https:\/\/santemc.quebec\/icentre\/wp-json\/wp\/v2\/tags?post=496"}],"curies":[{"name":"wp","href":"https:\/\/api.w.org\/{rel}","templated":true}]}}