{"id":4973,"date":"2017-06-12T09:38:24","date_gmt":"2017-06-12T13:38:24","guid":{"rendered":"http:\/\/santemc.quebec\/icentre\/?p=4973"},"modified":"2017-06-12T09:38:24","modified_gmt":"2017-06-12T13:38:24","slug":"payer-vos-repas-avec-interac-a-lhopital-charles-le-moyne-cest-maintenant-possible","status":"publish","type":"post","link":"https:\/\/santemc.quebec\/icentre\/payer-vos-repas-avec-interac-a-lhopital-charles-le-moyne-cest-maintenant-possible\/","title":{"rendered":"Payer vos repas avec interac \u00e0 l\u2019H\u00f4pital Charles-Le Moyne : c\u2019est maintenant possible!"},"content":{"rendered":"<p><img decoding=\"async\" loading=\"lazy\" class=\"alignleft \" src=\"https:\/\/upload.wikimedia.org\/wikipedia\/fr\/b\/b0\/Interac.png\" width=\"211\" height=\"210\" \/>Bonne nouvelle!<\/p>\n<p>D\u00e9j\u00e0 implant\u00e9 au Caf\u00e9 de la place depuis son ouverture il y a deux semaines, le paiement interac est maintenant disponible \u00e0 la caf\u00e9t\u00e9ria de l\u2019H\u00f4pital Charles-Lemoyne.<\/p>\n<p>Cet ajout attendu depuis longtemps vous permettra d\u2019acquitter vos factures de plus de 5 $ avec votre carte de d\u00e9bit.<!--more--><\/p>\n<p>Notez que le syst\u00e8me interac sera install\u00e9 prochainement du c\u00f4t\u00e9 de l\u2019H\u00f4pital du Haut-Richelieu. Un nouveau communiqu\u00e9 vous en pr\u00e9cisant la date para\u00eetra sous peu.<\/p>\n","protected":false},"excerpt":{"rendered":"<p>Bonne nouvelle! D\u00e9j\u00e0 implant\u00e9 au Caf\u00e9 de la place depuis son ouverture il y a deux semaines, le paiement interac est maintenant disponible \u00e0 la caf\u00e9t\u00e9ria de l\u2019H\u00f4pital Charles-Lemoyne. Cet ajout attendu depuis longtemps vous permettra d\u2019acquitter vos factures de &hellip; <a href=\"https:\/\/santemc.quebec\/icentre\/payer-vos-repas-avec-interac-a-lhopital-charles-le-moyne-cest-maintenant-possible\/\">Continuer la lecture <span class=\"meta-nav\">&rarr;<\/span><\/a><\/p>\n","protected":false},"author":1,"featured_media":0,"comment_status":"open","ping_status":"closed","sticky":false,"template":"","format":"standard","meta":{"footnotes":""},"categories":[1],"tags":[],"_links":{"self":[{"href":"https:\/\/santemc.quebec\/icentre\/wp-json\/wp\/v2\/posts\/4973"}],"collection":[{"href":"https:\/\/santemc.quebec\/icentre\/wp-json\/wp\/v2\/posts"}],"about":[{"href":"https:\/\/santemc.quebec\/icentre\/wp-json\/wp\/v2\/types\/post"}],"author":[{"embeddable":true,"href":"https:\/\/santemc.quebec\/icentre\/wp-json\/wp\/v2\/users\/1"}],"replies":[{"embeddable":true,"href":"https:\/\/santemc.quebec\/icentre\/wp-json\/wp\/v2\/comments?post=4973"}],"version-history":[{"count":1,"href":"https:\/\/santemc.quebec\/icentre\/wp-json\/wp\/v2\/posts\/4973\/revisions"}],"predecessor-version":[{"id":4974,"href":"https:\/\/santemc.quebec\/icentre\/wp-json\/wp\/v2\/posts\/4973\/revisions\/4974"}],"wp:attachment":[{"href":"https:\/\/santemc.quebec\/icentre\/wp-json\/wp\/v2\/media?parent=4973"}],"wp:term":[{"taxonomy":"category","embeddable":true,"href":"https:\/\/santemc.quebec\/icentre\/wp-json\/wp\/v2\/categories?post=4973"},{"taxonomy":"post_tag","embeddable":true,"href":"https:\/\/santemc.quebec\/icentre\/wp-json\/wp\/v2\/tags?post=4973"}],"curies":[{"name":"wp","href":"https:\/\/api.w.org\/{rel}","templated":true}]}}