{"id":4981,"date":"2017-06-15T09:36:31","date_gmt":"2017-06-15T13:36:31","guid":{"rendered":"http:\/\/santemc.quebec\/icentre\/?p=4981"},"modified":"2017-06-15T16:08:34","modified_gmt":"2017-06-15T20:08:34","slug":"cest-la-leucemie-docteur-en-route-vers-le-defi-des-generations-contre-le-cancer-avec-mark-bedford-copy","status":"publish","type":"post","link":"https:\/\/santemc.quebec\/icentre\/cest-la-leucemie-docteur-en-route-vers-le-defi-des-generations-contre-le-cancer-avec-mark-bedford-copy\/","title":{"rendered":"\u00ab\u00a0On dirait Hannibal Lecter!\u00a0\u00bb &#8211; En route vers le D\u00e9fi des g\u00e9n\u00e9rations contre le cancer avec Mark Bedford"},"content":{"rendered":"<div style=\"width: 310px\" class=\"wp-caption alignleft\"><img decoding=\"async\" loading=\"lazy\" src=\"http:\/\/www.fhclm.ca\/wp-content\/uploads\/2017\/06\/Mark-2-600x450.jpg\" alt=\"\" width=\"300\" height=\"225\" \/><p class=\"wp-caption-text\">C\u2019est moi, Mark Bedford. Pompier \u00e0 Otterburn Park et fier ambassadeur du D\u00e9fi des g\u00e9n\u00e9rations contre le cancer.<\/p><\/div>\n<p>Le titre de mon premier billet publi\u00e9 la semaine derni\u00e8re vous a appris que j\u2019ai devin\u00e9 mon diagnostic avant que le m\u00e9decin ne le prononce. \u00ab\u00a0C\u2019est la leuc\u00e9mie?\u00a0\u00bb. C\u2019\u00e9tait \u00e7a. Pourquoi le savais-je? Parce que j\u2019avais d\u00e9j\u00e0 entendu les mots \u00ab\u00a0plaquettes tr\u00e8s basses\u00a0\u00bb, \u00ab\u00a0globules blancs inexistants\u00a0\u00bb chez un petit voisin qui a combattu la leuc\u00e9mie.<!--more--><\/p>\n<p>Ce que je ne savais pas, c\u2019\u00e9tait qu\u2019au moment o\u00f9 l\u2019on recevait un diagnostic de maladie grave, on vivait une prise en charge de type \u00ab\u00a0raz-de-mar\u00e9e\u00a0\u00bb. Je m\u2019explique. Je suis all\u00e9 \u00e0 mon h\u00f4pital r\u00e9gional sur mes deux jambes. Je savais que quelque chose clochait, mais je pouvais encore marcher. Vu la gravit\u00e9 de mon diagnostic, on a d\u00fb me transf\u00e9rer \u00e0 l\u2019H\u00f4pital Charles-Le Moyne puisque c\u2019est l\u00e0 que se trouve le Centre int\u00e9gr\u00e9 de canc\u00e9rologie de la Mont\u00e9r\u00e9gie et donc, les sp\u00e9cialistes.<\/p>\n<p>J\u2019aurais pu prendre un taxi. J\u2019aurais m\u00eame pu m\u2019y rendre en voiture. Mais non. On m\u2019a transf\u00e9r\u00e9 en chaise roulante, attach\u00e9 dans un transport adapt\u00e9. C\u2019\u00e9tait certainement la meilleure chose \u00e0 faire puisque j\u2019\u00e9tais quand m\u00eame sous le choc du diagnostic. Pourtant, tout le long du trajet, je ne pensais qu\u2019\u00e0 une chose\u00a0: on dirait Hannibal Lecter dans le film <em>Le<\/em> <em>Silence des agneaux<\/em>!<\/p>\n<p>Heureusement, tout le personnel \u00e9tait tr\u00e8s pr\u00e9venant! Mais m\u00eame avec toute la d\u00e9licatesse du monde, lorsque l&rsquo;une des premi\u00e8res questions que l\u2019on vous pose est\u00a0: \u00ab\u00a0S\u2019il arrive quelque chose, voulez-vous \u00eatre r\u00e9anim\u00e9?\u00a0\u00bb, \u00e7a vous donne quand m\u00eame tout un choc! Mais bien s\u00fbr que je veux \u00eatre r\u00e9anim\u00e9! Bien s\u00fbr, que je veux vivre!<\/p>\n<p>Et j\u2019ai v\u00e9cu. Gr\u00e2ce \u00e0 ce gros syst\u00e8me qui m\u2019a happ\u00e9. Compos\u00e9 de gens d\u00e9vou\u00e9s jusqu\u2019au bout des doigts et dont j\u2019aurai certainement le plaisir (et l\u2019honneur!) de vous parler parfois dans mes chroniques.<\/p>\n<p>Mark<\/p>\n<p><a href=\"http:\/\/www.fhclm.ca\/blogue\/\" target=\"_blank\" rel=\"noopener noreferrer\">http:\/\/www.fhclm.ca\/blogue\/<\/a><\/p>\n<p>&nbsp;<\/p>\n<p>&nbsp;<\/p>\n","protected":false},"excerpt":{"rendered":"<p>Le titre de mon premier billet publi\u00e9 la semaine derni\u00e8re vous a appris que j\u2019ai devin\u00e9 mon diagnostic avant que le m\u00e9decin ne le prononce. \u00ab\u00a0C\u2019est la leuc\u00e9mie?\u00a0\u00bb. C\u2019\u00e9tait \u00e7a. Pourquoi le savais-je? Parce que j\u2019avais d\u00e9j\u00e0 entendu les mots &hellip; <a href=\"https:\/\/santemc.quebec\/icentre\/cest-la-leucemie-docteur-en-route-vers-le-defi-des-generations-contre-le-cancer-avec-mark-bedford-copy\/\">Continuer la lecture <span class=\"meta-nav\">&rarr;<\/span><\/a><\/p>\n","protected":false},"author":1,"featured_media":0,"comment_status":"open","ping_status":"closed","sticky":false,"template":"","format":"standard","meta":{"footnotes":""},"categories":[1],"tags":[96],"_links":{"self":[{"href":"https:\/\/santemc.quebec\/icentre\/wp-json\/wp\/v2\/posts\/4981"}],"collection":[{"href":"https:\/\/santemc.quebec\/icentre\/wp-json\/wp\/v2\/posts"}],"about":[{"href":"https:\/\/santemc.quebec\/icentre\/wp-json\/wp\/v2\/types\/post"}],"author":[{"embeddable":true,"href":"https:\/\/santemc.quebec\/icentre\/wp-json\/wp\/v2\/users\/1"}],"replies":[{"embeddable":true,"href":"https:\/\/santemc.quebec\/icentre\/wp-json\/wp\/v2\/comments?post=4981"}],"version-history":[{"count":2,"href":"https:\/\/santemc.quebec\/icentre\/wp-json\/wp\/v2\/posts\/4981\/revisions"}],"predecessor-version":[{"id":5005,"href":"https:\/\/santemc.quebec\/icentre\/wp-json\/wp\/v2\/posts\/4981\/revisions\/5005"}],"wp:attachment":[{"href":"https:\/\/santemc.quebec\/icentre\/wp-json\/wp\/v2\/media?parent=4981"}],"wp:term":[{"taxonomy":"category","embeddable":true,"href":"https:\/\/santemc.quebec\/icentre\/wp-json\/wp\/v2\/categories?post=4981"},{"taxonomy":"post_tag","embeddable":true,"href":"https:\/\/santemc.quebec\/icentre\/wp-json\/wp\/v2\/tags?post=4981"}],"curies":[{"name":"wp","href":"https:\/\/api.w.org\/{rel}","templated":true}]}}