{"id":4984,"date":"2017-06-15T09:52:57","date_gmt":"2017-06-15T13:52:57","guid":{"rendered":"http:\/\/santemc.quebec\/icentre\/?p=4984"},"modified":"2017-06-15T15:25:05","modified_gmt":"2017-06-15T19:25:05","slug":"journee-mondiale-de-lutte-contre-la-maltraitance-des-personnes-ainees","status":"publish","type":"post","link":"https:\/\/santemc.quebec\/icentre\/journee-mondiale-de-lutte-contre-la-maltraitance-des-personnes-ainees\/","title":{"rendered":"Journ\u00e9e mondiale de lutte contre la maltraitance des personnes a\u00een\u00e9es"},"content":{"rendered":"<p><img decoding=\"async\" loading=\"lazy\" class=\"alignleft wp-image-4985\" src=\"http:\/\/santemc.quebec\/santemc\/icentre\/wp-content\/uploads\/2017\/06\/19105583_1212424318868621_8619432232465379286_n.jpg\" alt=\"\" width=\"531\" height=\"284\" \/><\/p>\n<p>La maltraitance toucherait de 4 \u00e0 7\u00a0% des personnes \u00e2g\u00e9es vivant \u00e0 domicile.<\/p>\n<p>Profitons du 15 juin, journ\u00e9e mondiale de lutte contre la maltraitance des personnes a\u00een\u00e9es, pour nous rappeler l\u2019importance d\u2019agir collectivement afin de pr\u00e9venir et de contrer toute forme de maltraitance, de violence ou de n\u00e9gligence envers les personnes a\u00een\u00e9es.\u00a0<!--more--><\/p>\n<p>La ministre responsable des A\u00een\u00e9s et de la Lutte contre l\u2019intimidation, M<sup>me<\/sup>\u00a0Francine Charbonneau, a d&rsquo;ailleurs d\u00e9voil\u00e9 aujourd&rsquo;hui m\u00eame, le\u00a0nouveau <a href=\"https:\/\/www.mfa.gouv.qc.ca\/fr\/aines\/lutte_contre_maltraitance\/plan_action_maltraitance\/Pages\/index.aspx\" target=\"_blank\" rel=\"noopener noreferrer\">Plan d\u2019action gouvernemental pour contrer la maltraitance envers les personnes a\u00een\u00e9es du Qu\u00e9bec<\/a> pour les ann\u00e9es 2017 \u00e0 2022.<\/p>\n<p>Rappelons qu&rsquo;il est possible de\u00a0communiquer avec la <strong><a href=\"http:\/\/www.aideabusaines.ca\/\" target=\"_blank\" rel=\"noopener noreferrer\">Ligne Aide Abus A\u00een\u00e9s<\/a>,<\/strong>\u00a0 une ligne t\u00e9l\u00e9phonique provinciale d\u2019\u00e9coute et de r\u00e9f\u00e9rence sp\u00e9cialis\u00e9e en mati\u00e8re de maltraitance envers les personnes a\u00een\u00e9es. <strong>1-888-489-2287.<\/strong><\/p>\n<p>&nbsp;<\/p>\n","protected":false},"excerpt":{"rendered":"<p>La maltraitance toucherait de 4 \u00e0 7\u00a0% des personnes \u00e2g\u00e9es vivant \u00e0 domicile. Profitons du 15 juin, journ\u00e9e mondiale de lutte contre la maltraitance des personnes a\u00een\u00e9es, pour nous rappeler l\u2019importance d\u2019agir collectivement afin de pr\u00e9venir et de contrer toute &hellip; <a href=\"https:\/\/santemc.quebec\/icentre\/journee-mondiale-de-lutte-contre-la-maltraitance-des-personnes-ainees\/\">Continuer la lecture <span class=\"meta-nav\">&rarr;<\/span><\/a><\/p>\n","protected":false},"author":1,"featured_media":0,"comment_status":"open","ping_status":"closed","sticky":false,"template":"","format":"standard","meta":{"footnotes":""},"categories":[1],"tags":[],"_links":{"self":[{"href":"https:\/\/santemc.quebec\/icentre\/wp-json\/wp\/v2\/posts\/4984"}],"collection":[{"href":"https:\/\/santemc.quebec\/icentre\/wp-json\/wp\/v2\/posts"}],"about":[{"href":"https:\/\/santemc.quebec\/icentre\/wp-json\/wp\/v2\/types\/post"}],"author":[{"embeddable":true,"href":"https:\/\/santemc.quebec\/icentre\/wp-json\/wp\/v2\/users\/1"}],"replies":[{"embeddable":true,"href":"https:\/\/santemc.quebec\/icentre\/wp-json\/wp\/v2\/comments?post=4984"}],"version-history":[{"count":11,"href":"https:\/\/santemc.quebec\/icentre\/wp-json\/wp\/v2\/posts\/4984\/revisions"}],"predecessor-version":[{"id":5002,"href":"https:\/\/santemc.quebec\/icentre\/wp-json\/wp\/v2\/posts\/4984\/revisions\/5002"}],"wp:attachment":[{"href":"https:\/\/santemc.quebec\/icentre\/wp-json\/wp\/v2\/media?parent=4984"}],"wp:term":[{"taxonomy":"category","embeddable":true,"href":"https:\/\/santemc.quebec\/icentre\/wp-json\/wp\/v2\/categories?post=4984"},{"taxonomy":"post_tag","embeddable":true,"href":"https:\/\/santemc.quebec\/icentre\/wp-json\/wp\/v2\/tags?post=4984"}],"curies":[{"name":"wp","href":"https:\/\/api.w.org\/{rel}","templated":true}]}}