{"id":499,"date":"2015-07-06T09:48:46","date_gmt":"2015-07-06T13:48:46","guid":{"rendered":"http:\/\/santemc.quebec\/icentre\/?p=499"},"modified":"2015-07-06T15:44:36","modified_gmt":"2015-07-06T19:44:36","slug":"400-intervenants-discutent-dinnovation","status":"publish","type":"post","link":"https:\/\/santemc.quebec\/icentre\/400-intervenants-discutent-dinnovation\/","title":{"rendered":"400 intervenants discutent d\u2019innovation"},"content":{"rendered":"<p>Aujourd&rsquo;hui a lieu \u00e0 Montr\u00e9al le lancement officiel d\u2019IMC15 (International Mobility Conference), la plus grande conf\u00e9rence internationale en orientation et mobilit\u00e9, en pr\u00e9sence de la ministre d\u00e9l\u00e9gu\u00e9e \u00e0 la R\u00e9adaptation, \u00e0 la Protection de la jeunesse et \u00e0 la Sant\u00e9 publique, madame Lucie Charlebois de m\u00eame que du maire de Montr\u00e9al, monsieur Denis Coderre. Cet \u00e9v\u00e9nement unique\u00a0 rassemble pour la premi\u00e8re fois au Canada pr\u00e8s de 400 intervenants du milieu de la d\u00e9ficience visuelle, provenant de 35 pays.\u00a0<!--more--><\/p>\n<p>Organis\u00e9e conjointement par l\u2019Institut Nazareth et Louis-Braille du CISSS de la Mont\u00e9r\u00e9gie-Centre et l\u2019\u00c9cole d\u2019optom\u00e9trie de l\u2019Universit\u00e9 de Montr\u00e9al, IMC15 se veut un lieu incontournable de partage sur les meilleures pratiques, les recherches de pointe et les innovations en mati\u00e8re d\u2019orientation et de mobilit\u00e9, dans le but de permettre aux personnes ayant une d\u00e9ficience visuelle de pouvoir jouer pleinement leur r\u00f4le dans la soci\u00e9t\u00e9.<\/p>\n<p>Un programme riche de 114 conf\u00e9rences, 9 ateliers pratiques et d\u2019une trentaine d\u2019affiches expos\u00e9es permettront aux participants d\u2019en apprendre davantage sur plusieurs sujets, dont : l\u2019am\u00e9lioration du d\u00e9veloppement sensorimoteur des jeunes par le yoga; la pr\u00e9vention des chutes chez les a\u00een\u00e9s; d\u00e9couvrir le Vieux-Montr\u00e9al dans l\u2019optique d\u2019une client\u00e8le ayant une d\u00e9ficience visuelle; la conduite automobile avec un appareil t\u00e9lescopique bioptique; les services pour les personnes avec une h\u00e9mianopsie (diminution de la vue dans une moiti\u00e9 du champ visuel d\u2019un \u0153il ou des deux yeux); le 3D au service des personnes ayant une d\u00e9ficience visuelle.<\/p>\n<p>La conf\u00e9rence se d\u00e9roule du 6 au 9 juillet au Palais des congr\u00e8s de Montr\u00e9al.<\/p>\n<p><strong>La d\u00e9ficience visuelle en bref<\/strong><\/p>\n<ul>\n<li>Plus de 140 000 personnes vivent avec une d\u00e9ficience visuelle au Qu\u00e9bec.<\/li>\n<li>Environ 10 % des personnes ayant une d\u00e9ficience visuelle ont une c\u00e9cit\u00e9 totale.<\/li>\n<li>La d\u00e9g\u00e9n\u00e9rescence maculaire li\u00e9e \u00e0 l\u2019\u00e2ge (DMLA) est la maladie la plus r\u00e9pandue. Cette maladie touche notamment 1 personne sur 4 de 75 ans et plus.<\/li>\n<li>Le chien d&rsquo;une personne ayant une d\u00e9ficience visuelle ne d\u00e9cide pas pour elle. Une personne ayant une d\u00e9ficience visuelle qui utilise un chien guide doit elle-m\u00eame d\u00e9terminer le moment opportun pour traverser une rue. Un chien est incapable d&rsquo;une telle prise de d\u00e9cision.<\/li>\n<\/ul>\n<p><em><strong>L\u2019Institut Nazareth et Louis-Braille et l\u2019\u00c9cole d\u2019optom\u00e9trie<\/strong><\/em><\/p>\n<p><strong>\u00c0 propos de l\u2019\u00c9cole d\u2019optom\u00e9trie<\/strong> : L\u2019\u00c9cole d\u2019optom\u00e9trie de l\u2019Universit\u00e9 de Montr\u00e9al offre un programme de formation sup\u00e9rieure en orientation et mobilit\u00e9 et en r\u00e9adaptation visuelle. C\u2019est le seul programme universitaire en ce genre au Canada.<\/p>\n<p><strong>\u00c0 propos de l\u2019Institut Nazareth et Louis-Braille <\/strong>: Depuis 154 ans, l\u2019INLB\u00a0 contribue de fa\u00e7on avant-gardiste \u00e0 d\u00e9velopper l&rsquo;autonomie et \u00e0 favoriser la pleine participation sociale des personnes ayant une d\u00e9ficience visuelle ou une surdic\u00e9cit\u00e9 de Montr\u00e9al, Laval et de la Mont\u00e9r\u00e9gie en leur offrant une gamme de services de r\u00e9adaptation adapt\u00e9s \u00e0 leurs besoins. Pour en conna\u00eetre davantage sur l\u2019INLB, visitez le site de l\u2019Institut (<a class=\"externallink\" title=\"Nouvelle fen\u00eatre\" href=\"http:\/\/www.inlb.qc.ca\/\" target=\"_blank\">www.inlb.qc.ca<\/a>) ou la page Facebook.<\/p>\n<p><em><strong>Pour en savoir plus sur la programmation de la conf\u00e9rence<\/strong><\/em><\/p>\n<p>Le programme de la conf\u00e9rence est disponible sur le site Web : <a class=\"externallink\" title=\"Nouvelle fen\u00eatre\" href=\"http:\/\/www.imc15.com\/\" target=\"_blank\">www.imc15.com<\/a><\/p>\n<p>&nbsp;<\/p>\n<blockquote class=\"twitter-tweet\" lang=\"fr\">\n<p dir=\"ltr\" lang=\"fr\">Bravo \u00e0 l&rsquo;organisation pour la c\u00e9r\u00e9monie d&rsquo;ouverture <a href=\"https:\/\/twitter.com\/hashtag\/IMC15?src=hash\">#IMC15<\/a> <a href=\"http:\/\/t.co\/nNuqBhjSsX\">pic.twitter.com\/nNuqBhjSsX<\/a><\/p>\n<p>\u2014 Lucie Charlebois (@luciecharlebois) <a href=\"https:\/\/twitter.com\/luciecharlebois\/status\/618141783978049536\">6 Juillet 2015<\/a><\/p><\/blockquote>\n<p><script src=\"\/\/platform.twitter.com\/widgets.js\" async=\"\" charset=\"utf-8\"><\/script><\/p>\n","protected":false},"excerpt":{"rendered":"<p>Aujourd&rsquo;hui a lieu \u00e0 Montr\u00e9al le lancement officiel d\u2019IMC15 (International Mobility Conference), la plus grande conf\u00e9rence internationale en orientation et mobilit\u00e9, en pr\u00e9sence de la ministre d\u00e9l\u00e9gu\u00e9e \u00e0 la R\u00e9adaptation, \u00e0 la Protection de la jeunesse et \u00e0 la Sant\u00e9 &hellip; <a href=\"https:\/\/santemc.quebec\/icentre\/400-intervenants-discutent-dinnovation\/\">Continuer la lecture <span class=\"meta-nav\">&rarr;<\/span><\/a><\/p>\n","protected":false},"author":1,"featured_media":0,"comment_status":"open","ping_status":"closed","sticky":false,"template":"","format":"standard","meta":{"footnotes":""},"categories":[1],"tags":[],"_links":{"self":[{"href":"https:\/\/santemc.quebec\/icentre\/wp-json\/wp\/v2\/posts\/499"}],"collection":[{"href":"https:\/\/santemc.quebec\/icentre\/wp-json\/wp\/v2\/posts"}],"about":[{"href":"https:\/\/santemc.quebec\/icentre\/wp-json\/wp\/v2\/types\/post"}],"author":[{"embeddable":true,"href":"https:\/\/santemc.quebec\/icentre\/wp-json\/wp\/v2\/users\/1"}],"replies":[{"embeddable":true,"href":"https:\/\/santemc.quebec\/icentre\/wp-json\/wp\/v2\/comments?post=499"}],"version-history":[{"count":4,"href":"https:\/\/santemc.quebec\/icentre\/wp-json\/wp\/v2\/posts\/499\/revisions"}],"predecessor-version":[{"id":507,"href":"https:\/\/santemc.quebec\/icentre\/wp-json\/wp\/v2\/posts\/499\/revisions\/507"}],"wp:attachment":[{"href":"https:\/\/santemc.quebec\/icentre\/wp-json\/wp\/v2\/media?parent=499"}],"wp:term":[{"taxonomy":"category","embeddable":true,"href":"https:\/\/santemc.quebec\/icentre\/wp-json\/wp\/v2\/categories?post=499"},{"taxonomy":"post_tag","embeddable":true,"href":"https:\/\/santemc.quebec\/icentre\/wp-json\/wp\/v2\/tags?post=499"}],"curies":[{"name":"wp","href":"https:\/\/api.w.org\/{rel}","templated":true}]}}