{"id":4996,"date":"2017-06-15T13:09:08","date_gmt":"2017-06-15T17:09:08","guid":{"rendered":"http:\/\/santemc.quebec\/icentre\/?p=4996"},"modified":"2017-06-15T15:26:39","modified_gmt":"2017-06-15T19:26:39","slug":"ces-voix-oubliees-resonnent-au-centre-socioculturel-de-brossard","status":"publish","type":"post","link":"https:\/\/santemc.quebec\/icentre\/ces-voix-oubliees-resonnent-au-centre-socioculturel-de-brossard\/","title":{"rendered":"Ces Voix Oubli\u00e9es r\u00e9sonnent au Centre socioculturel de Brossard"},"content":{"rendered":"<p><a href=\"http:\/\/santemc.quebec\/santemc\/icentre\/wp-content\/uploads\/2017\/06\/CVO.png\" target=\"_blank\" rel=\"noopener noreferrer\"><img decoding=\"async\" loading=\"lazy\" class=\"alignleft wp-image-4998 size-medium\" src=\"http:\/\/santemc.quebec\/santemc\/icentre\/wp-content\/uploads\/2017\/06\/CVO-300x164.png\" alt=\"\" width=\"300\" height=\"164\" srcset=\"https:\/\/santemc.quebec\/santemc\/icentre\/wp-content\/uploads\/2017\/06\/CVO-300x164.png 300w, https:\/\/santemc.quebec\/santemc\/icentre\/wp-content\/uploads\/2017\/06\/CVO-768x419.png 768w, https:\/\/santemc.quebec\/santemc\/icentre\/wp-content\/uploads\/2017\/06\/CVO-500x273.png 500w, https:\/\/santemc.quebec\/santemc\/icentre\/wp-content\/uploads\/2017\/06\/CVO.png 900w\" sizes=\"(max-width: 300px) 100vw, 300px\" \/><\/a>Le 8 juin dernier, un peu plus de 200 personnes se sont r\u00e9unies au Centre socioculturel de Brossard pour assister au spectacle de la chorale <em>Ces Voix Oubli\u00e9es <\/em>(CVO), grand aboutissement de l\u2019activit\u00e9 de r\u00e9tablissement du m\u00eame nom offerte par la Direction des programmes de sant\u00e9 mentale du CISSS.<\/p>\n<p>R\u00e9unissant douze artistes qui b\u00e9n\u00e9ficient de services en sant\u00e9 mentale de notre organisation, CVO se veut une d\u00e9marche valorisante permettant \u00e0 ces usagers\u00a0 de d\u00e9couvrir, par le chant, de nouvelles forces et talents. Repoussant leurs limites gr\u00e2ce entre autres au soutien du responsable et partenaire de longue date de cette activit\u00e9, Serge Vincent Raymond, les artistes ont offert une performance vibrante et tr\u00e8s touchante lors du spectacle.<!--more--><\/p>\n<p>Cette activit\u00e9 s\u2019inscrit dans la volont\u00e9 de l\u2019\u00e9tablissement de lutter contre la stigmatisation. Pour ce faire, la chorale CVO \u00e9tait d\u2019ailleurs accompagn\u00e9e, lors du spectacle, par une trentaine d\u2019\u00e9l\u00e8ves du primaire de l\u2019\u00e9cole Notre-Dame-de-Lourdes avec qui les participants ont pu \u00e9changer. Une tourn\u00e9e dans les CHSLD du r\u00e9seau territorial de services est \u00e9galement pr\u00e9vue durant l\u2019\u00e9t\u00e9.<\/p>\n<p>F\u00e9licitations \u00e0 tous ceux qui font de <em>Ces Voix Oubli\u00e9es<\/em> un succ\u00e8s, ann\u00e9e apr\u00e8s ann\u00e9e!<\/p>\n<p>&nbsp;<\/p>\n","protected":false},"excerpt":{"rendered":"<p>Le 8 juin dernier, un peu plus de 200 personnes se sont r\u00e9unies au Centre socioculturel de Brossard pour assister au spectacle de la chorale Ces Voix Oubli\u00e9es (CVO), grand aboutissement de l\u2019activit\u00e9 de r\u00e9tablissement du m\u00eame nom offerte par &hellip; <a href=\"https:\/\/santemc.quebec\/icentre\/ces-voix-oubliees-resonnent-au-centre-socioculturel-de-brossard\/\">Continuer la lecture <span class=\"meta-nav\">&rarr;<\/span><\/a><\/p>\n","protected":false},"author":1,"featured_media":0,"comment_status":"open","ping_status":"closed","sticky":false,"template":"","format":"standard","meta":{"footnotes":""},"categories":[1],"tags":[],"_links":{"self":[{"href":"https:\/\/santemc.quebec\/icentre\/wp-json\/wp\/v2\/posts\/4996"}],"collection":[{"href":"https:\/\/santemc.quebec\/icentre\/wp-json\/wp\/v2\/posts"}],"about":[{"href":"https:\/\/santemc.quebec\/icentre\/wp-json\/wp\/v2\/types\/post"}],"author":[{"embeddable":true,"href":"https:\/\/santemc.quebec\/icentre\/wp-json\/wp\/v2\/users\/1"}],"replies":[{"embeddable":true,"href":"https:\/\/santemc.quebec\/icentre\/wp-json\/wp\/v2\/comments?post=4996"}],"version-history":[{"count":5,"href":"https:\/\/santemc.quebec\/icentre\/wp-json\/wp\/v2\/posts\/4996\/revisions"}],"predecessor-version":[{"id":5004,"href":"https:\/\/santemc.quebec\/icentre\/wp-json\/wp\/v2\/posts\/4996\/revisions\/5004"}],"wp:attachment":[{"href":"https:\/\/santemc.quebec\/icentre\/wp-json\/wp\/v2\/media?parent=4996"}],"wp:term":[{"taxonomy":"category","embeddable":true,"href":"https:\/\/santemc.quebec\/icentre\/wp-json\/wp\/v2\/categories?post=4996"},{"taxonomy":"post_tag","embeddable":true,"href":"https:\/\/santemc.quebec\/icentre\/wp-json\/wp\/v2\/tags?post=4996"}],"curies":[{"name":"wp","href":"https:\/\/api.w.org\/{rel}","templated":true}]}}