{"id":5007,"date":"2017-06-21T05:14:22","date_gmt":"2017-06-21T09:14:22","guid":{"rendered":"http:\/\/santemc.quebec\/icentre\/?p=5007"},"modified":"2017-06-22T11:20:08","modified_gmt":"2017-06-22T15:20:08","slug":"1-000-abonnes-sur-notre-page-facebook","status":"publish","type":"post","link":"https:\/\/santemc.quebec\/icentre\/1-000-abonnes-sur-notre-page-facebook\/","title":{"rendered":"Plus de 1 000 abonn\u00e9s sur notre page Facebook!"},"content":{"rendered":"<p><img decoding=\"async\" loading=\"lazy\" class=\"alignleft size-medium\" src=\"http:\/\/www.latinocean.com\/blog\/wp-content\/uploads\/2011\/08\/Linkedin-Facebook1.jpg\" width=\"250\" height=\"126\" \/><\/p>\n<div id=\"fb-root\"><script>(function(d, s, id) {\n  var js, fjs = d.getElementsByTagName(s)[0];\n  if (d.getElementById(id)) return;\n  js = d.createElement(s); js.id = id;\n  js.src = \"\/\/connect.facebook.net\/fr_CA\/sdk.js#xfbml=1&version=v2.8\";\n  fjs.parentNode.insertBefore(js, fjs);\n}(document, 'script', 'facebook-jssdk'));<\/script><\/div>\n<p>Apr\u00e8s 8 semaines d&rsquo;activit\u00e9s, la page Facebook du CISSS de la Mont\u00e9r\u00e9gie-Centre a atteint le chiffre magique de 1 000 abonn\u00e9s, et notre page LinkedIn, tout pr\u00e8s de 400 abonn\u00e9s.<\/p>\n<p>Merci\u00a0au\u00a0personnel, m\u00e9decins, \u00e9tudiants et b\u00e9n\u00e9voles qui suivent nos activit\u00e9s sur les m\u00e9dias sociaux. Nous vous encourageons \u00e0 continuer \u00e0 partager avec votre communaut\u00e9 nos publications et nos photos.<br \/>\n<!--more--><br \/>\n<strong>Vous \u00eates sur Facebook? <\/strong><\/p>\n<ul>\n<li>Visitez notre page\u00a0<a href=\"https:\/\/www.facebook.com\/cisssmc\" target=\"_blank\" rel=\"noopener noreferrer\">https:\/\/www.facebook.com\/cisssmc<\/a><\/li>\n<li>\u00ab<strong>\u00a0<\/strong>Aimez-nous\u00a0\u00bb !\n<div class=\"fb-like\" data-href=\"https:\/\/developers.facebook.com\/docs\/plugins\/\" data-layout=\"button\" data-action=\"like\" data-size=\"small\" data-show-faces=\"true\" data-share=\"false\"><\/div>\n<\/li>\n<li>\u00ab\u00a0Suivez-nous\u00a0<strong>\u00bb<\/strong> !\n<div class=\"fb-follow\" data-href=\"https:\/\/www.facebook.com\/cisssmc\" data-layout=\"button\" data-size=\"small\" data-show-faces=\"false\"><\/div>\n<\/li>\n<\/ul>\n<p><strong>Vous \u00eates sur LinkedIn?<\/strong><\/p>\n<ul>\n<li>Visitez notre page\u00a0LinkedIn : <a href=\"https:\/\/www.linkedin.com\/company\/cisssmc\" target=\"_blank\" rel=\"noopener noreferrer\">https:\/\/www.linkedin.com\/company\/cisssmc<\/a><\/li>\n<li>Inscrivez le CISSS de la Mont\u00e9r\u00e9gie-Centre comme \u00e9tant votre employeur actuel<\/li>\n<li>Et \u00ab\u00a0suivez-nous\u00a0<strong>\u00bb<\/strong>! <script src=\"\/\/platform.linkedin.com\/in.js\" type=\"text\/javascript\"> lang: fr_FR<\/script><script type=\"IN\/FollowCompany\" data-id=\"12175678\"><\/script><\/li>\n<\/ul>\n<p>&nbsp;<\/p>\n<p><strong>N&rsquo;oubliez pas la \u00ab n\u00e9tiquette\u00a0\u00bb<\/strong><\/p>\n<p>Rappelons qu&rsquo;il faut faire preuve de prudence sur les m\u00e9dias sociaux, m\u00eame dans notre vie personnelle. Voici 4 conseils pratiques \u00e0 retenir :<\/p>\n<ul>\n<li>Nous vous invitons \u00e0 \u00e9viter les\u00a0r\u00e9f\u00e9rences \u00e0 des situations v\u00e9cues dans le cadre du travail. La discr\u00e9tion est de mise!<\/li>\n<li>Nous vous recommandons de ne pas entretenir \u00ab\u00a0d&rsquo;amiti\u00e9 virtuelle\u00a0\u00bb avec la client\u00e8le. Les r\u00e8gles \u00e9thiques et professionnelles s\u2019appliquent \u00e9galement sur Internet.<\/li>\n<li>Les commentaires \u00e9mis sur les m\u00e9dias sociaux n&rsquo;engagent que la personne qui les \u00e9met et ne refl\u00e8tent pas n\u00e9cessairement la position de votre employeur.<\/li>\n<li>Les propos qui contreviennent \u00e0 une loi, un r\u00e8glement ou une ordonnance gouvernementale quelconque ou qui font la promotion d\u2019une information qui est fausse, trompeuse, qui promeut une conduite ill\u00e9gale ou qui incite \u00e0 la violence sont \u00e0 proscrire. Il en va de m\u00eame des propos jug\u00e9s diffamatoires, haineux, racistes, obsc\u00e8nes, homophobes, sexistes ou injurieux.<\/li>\n<\/ul>\n<p>&nbsp;<\/p>\n","protected":false},"excerpt":{"rendered":"<p>Apr\u00e8s 8 semaines d&rsquo;activit\u00e9s, la page Facebook du CISSS de la Mont\u00e9r\u00e9gie-Centre a atteint le chiffre magique de 1 000 abonn\u00e9s, et notre page LinkedIn, tout pr\u00e8s de 400 abonn\u00e9s. Merci\u00a0au\u00a0personnel, m\u00e9decins, \u00e9tudiants et b\u00e9n\u00e9voles qui suivent nos activit\u00e9s sur &hellip; <a href=\"https:\/\/santemc.quebec\/icentre\/1-000-abonnes-sur-notre-page-facebook\/\">Continuer la lecture <span class=\"meta-nav\">&rarr;<\/span><\/a><\/p>\n","protected":false},"author":1,"featured_media":0,"comment_status":"open","ping_status":"closed","sticky":false,"template":"","format":"standard","meta":{"footnotes":""},"categories":[1],"tags":[97],"_links":{"self":[{"href":"https:\/\/santemc.quebec\/icentre\/wp-json\/wp\/v2\/posts\/5007"}],"collection":[{"href":"https:\/\/santemc.quebec\/icentre\/wp-json\/wp\/v2\/posts"}],"about":[{"href":"https:\/\/santemc.quebec\/icentre\/wp-json\/wp\/v2\/types\/post"}],"author":[{"embeddable":true,"href":"https:\/\/santemc.quebec\/icentre\/wp-json\/wp\/v2\/users\/1"}],"replies":[{"embeddable":true,"href":"https:\/\/santemc.quebec\/icentre\/wp-json\/wp\/v2\/comments?post=5007"}],"version-history":[{"count":8,"href":"https:\/\/santemc.quebec\/icentre\/wp-json\/wp\/v2\/posts\/5007\/revisions"}],"predecessor-version":[{"id":5037,"href":"https:\/\/santemc.quebec\/icentre\/wp-json\/wp\/v2\/posts\/5007\/revisions\/5037"}],"wp:attachment":[{"href":"https:\/\/santemc.quebec\/icentre\/wp-json\/wp\/v2\/media?parent=5007"}],"wp:term":[{"taxonomy":"category","embeddable":true,"href":"https:\/\/santemc.quebec\/icentre\/wp-json\/wp\/v2\/categories?post=5007"},{"taxonomy":"post_tag","embeddable":true,"href":"https:\/\/santemc.quebec\/icentre\/wp-json\/wp\/v2\/tags?post=5007"}],"curies":[{"name":"wp","href":"https:\/\/api.w.org\/{rel}","templated":true}]}}