{"id":5016,"date":"2017-06-16T15:36:44","date_gmt":"2017-06-16T19:36:44","guid":{"rendered":"http:\/\/santemc.quebec\/icentre\/?p=5016"},"modified":"2017-06-16T15:36:44","modified_gmt":"2017-06-16T19:36:44","slug":"prix-gemeaux-2017-cinq-nominations-pour-de-garde-247","status":"publish","type":"post","link":"https:\/\/santemc.quebec\/icentre\/prix-gemeaux-2017-cinq-nominations-pour-de-garde-247\/","title":{"rendered":"Prix G\u00e9meaux 2017 : cinq nominations pour De garde 24\/7!"},"content":{"rendered":"<p><img decoding=\"async\" loading=\"lazy\" class=\"alignleft size-medium wp-image-3727\" src=\"http:\/\/santemc.quebec\/santemc\/icentre\/wp-content\/uploads\/2016\/12\/De-garde-planche-contact-3-300x200.jpg\" alt=\"\" width=\"300\" height=\"200\" srcset=\"https:\/\/santemc.quebec\/santemc\/icentre\/wp-content\/uploads\/2016\/12\/De-garde-planche-contact-3-300x200.jpg 300w, https:\/\/santemc.quebec\/santemc\/icentre\/wp-content\/uploads\/2016\/12\/De-garde-planche-contact-3-768x512.jpg 768w, https:\/\/santemc.quebec\/santemc\/icentre\/wp-content\/uploads\/2016\/12\/De-garde-planche-contact-3-450x300.jpg 450w, https:\/\/santemc.quebec\/santemc\/icentre\/wp-content\/uploads\/2016\/12\/De-garde-planche-contact-3.jpg 956w\" sizes=\"(max-width: 300px) 100vw, 300px\" \/>La deuxi\u00e8me saison de la s\u00e9rie De garde 24\/7 remporte \u00e0 nouveau tout le succ\u00e8s m\u00e9rit\u00e9! Hier, \u00e0 l\u2019occasion d\u2019une conf\u00e9rence de presse d\u00e9voilant les finalistes aux Prix G\u00e9meaux, la s\u00e9rie a r\u00e9colt\u00e9 cinq nominations, soit une de plus que l\u2019an dernier. Gr\u00e2ce \u00e0 ses cinq nominations, dont la prestigieuse cat\u00e9gorie <em>Meilleure s\u00e9rie documentaire : soci\u00e9t\u00e9<\/em>, la s\u00e9rie figure parmi une liste s\u00e9lective de grands finalistes. C\u2019est sans \u00e9quivoque attribuable en grande partie au professionnalise, \u00e0 l\u2019humanisme et \u00e0 la g\u00e9n\u00e9rosit\u00e9 des professionnels et m\u00e9decins protagonistes de l\u2019H\u00f4pital Charles-Le Moyne. Une fiert\u00e9 qui rayonne \u00e0 la fois sur leur profession et sur l\u2019\u00e9tablissement. Chapeau!<!--more--><\/p>\n<p>La 32<sup>e<\/sup> \u00e9dition du gala des Prix G\u00e9meaux se d\u00e9roulera le 17 septembre prochain. Nous y serons tr\u00e8s attentifs!<\/p>\n<p><strong>Les nominations en d\u00e9tails\u00a0:<\/strong><\/p>\n<ul>\n<li>Meilleure s\u00e9rie documentaire : soci\u00e9t\u00e9<\/li>\n<li>Meilleure r\u00e9alisation documentaire : soci\u00e9t\u00e9, histoire et politique \u2013 s\u00e9rie<\/li>\n<li>Meilleur sc\u00e9nario : documentaire &#8211; s\u00e9rie<\/li>\n<li>Meilleur montage : affaires publiques, documentaire &#8211; s\u00e9rie<\/li>\n<li>Meilleur son : magazine, affaires publiques, documentaire toutes cat\u00e9gories<\/li>\n<\/ul>\n<p>&nbsp;<\/p>\n","protected":false},"excerpt":{"rendered":"<p>La deuxi\u00e8me saison de la s\u00e9rie De garde 24\/7 remporte \u00e0 nouveau tout le succ\u00e8s m\u00e9rit\u00e9! Hier, \u00e0 l\u2019occasion d\u2019une conf\u00e9rence de presse d\u00e9voilant les finalistes aux Prix G\u00e9meaux, la s\u00e9rie a r\u00e9colt\u00e9 cinq nominations, soit une de plus que &hellip; <a href=\"https:\/\/santemc.quebec\/icentre\/prix-gemeaux-2017-cinq-nominations-pour-de-garde-247\/\">Continuer la lecture <span class=\"meta-nav\">&rarr;<\/span><\/a><\/p>\n","protected":false},"author":1,"featured_media":0,"comment_status":"open","ping_status":"closed","sticky":false,"template":"","format":"standard","meta":{"footnotes":""},"categories":[1],"tags":[],"_links":{"self":[{"href":"https:\/\/santemc.quebec\/icentre\/wp-json\/wp\/v2\/posts\/5016"}],"collection":[{"href":"https:\/\/santemc.quebec\/icentre\/wp-json\/wp\/v2\/posts"}],"about":[{"href":"https:\/\/santemc.quebec\/icentre\/wp-json\/wp\/v2\/types\/post"}],"author":[{"embeddable":true,"href":"https:\/\/santemc.quebec\/icentre\/wp-json\/wp\/v2\/users\/1"}],"replies":[{"embeddable":true,"href":"https:\/\/santemc.quebec\/icentre\/wp-json\/wp\/v2\/comments?post=5016"}],"version-history":[{"count":1,"href":"https:\/\/santemc.quebec\/icentre\/wp-json\/wp\/v2\/posts\/5016\/revisions"}],"predecessor-version":[{"id":5017,"href":"https:\/\/santemc.quebec\/icentre\/wp-json\/wp\/v2\/posts\/5016\/revisions\/5017"}],"wp:attachment":[{"href":"https:\/\/santemc.quebec\/icentre\/wp-json\/wp\/v2\/media?parent=5016"}],"wp:term":[{"taxonomy":"category","embeddable":true,"href":"https:\/\/santemc.quebec\/icentre\/wp-json\/wp\/v2\/categories?post=5016"},{"taxonomy":"post_tag","embeddable":true,"href":"https:\/\/santemc.quebec\/icentre\/wp-json\/wp\/v2\/tags?post=5016"}],"curies":[{"name":"wp","href":"https:\/\/api.w.org\/{rel}","templated":true}]}}