{"id":50286,"date":"2019-06-28T13:10:18","date_gmt":"2019-06-28T17:10:18","guid":{"rendered":"http:\/\/santemc.quebec\/icentre\/?p=50286"},"modified":"2019-06-28T13:15:26","modified_gmt":"2019-06-28T17:15:26","slug":"conseil-multidisciplinaire-publication-du-journal-le-multiplicateur","status":"publish","type":"post","link":"https:\/\/santemc.quebec\/icentre\/conseil-multidisciplinaire-publication-du-journal-le-multiplicateur\/","title":{"rendered":"Conseil Multidisciplinaire : publication du journal \u00ab Le Multiplicateur \u00bb"},"content":{"rendered":"<p class=\"x_x_MsoNormal\"><img decoding=\"async\" loading=\"lazy\" class=\"alignleft wp-image-50288 size-medium\" style=\"margin-bottom: 10em;\" src=\"http:\/\/santemc.quebec\/santemc\/icentre\/wp-content\/uploads\/2019\/06\/multiplicateur-300x262.png\" alt=\"\" width=\"300\" height=\"262\" srcset=\"https:\/\/santemc.quebec\/santemc\/icentre\/wp-content\/uploads\/2019\/06\/multiplicateur-300x262.png 300w, https:\/\/santemc.quebec\/santemc\/icentre\/wp-content\/uploads\/2019\/06\/multiplicateur-344x300.png 344w, https:\/\/santemc.quebec\/santemc\/icentre\/wp-content\/uploads\/2019\/06\/multiplicateur.png 609w\" sizes=\"(max-width: 300px) 100vw, 300px\" \/>Le journal du Conseil Multidisciplinaire du CISSSMC fait peau neuve! La nouvelle version du \u00ab\u00a0Le Multiplicateur\u00a0\u00bb propose aux professionnels de l\u2019information sur le CM et ses activit\u00e9s.<\/p>\n<p class=\"x_x_MsoNormal\">Dans ce premier num\u00e9ro\u00a0:<\/p>\n<ul type=\"disc\">\n<li class=\"x_x_MsoNormal\">Retour sur le \u00ab\u00a05 \u00e0 7\u00a0\u00bb reconnaissance<\/li>\n<li class=\"x_x_MsoNormal\">Pr\u00e9cisions sur le prochain Club de lecture<\/li>\n<li class=\"x_x_MsoNormal\">Appel d\u2019int\u00e9r\u00eat envers les comit\u00e9s de pairs<\/li>\n<\/ul>\n<p><!--more--><\/p>\n<p class=\"x_x_MsoNormal\">Une nouvelle parution sera sous peu en pr\u00e9paration, les professionnels sont invit\u00e9s \u00e0 soumettre d\u00e8s maintenant, leurs articles, bons coups et commentaires.<\/p>\n<p class=\"x_x_MsoNormal\">Bonne lecture!<\/p>\n<p>T\u00e9l\u00e9charger \u00ab\u00a0<a href=\"http:\/\/santemc.quebec\/santemc\/icentre\/wp-content\/uploads\/2019\/06\/Le-Multiplicateur_juin-2019.pdf\" target=\"_blank\" rel=\"noopener\">Le Multiplicateur<\/a>\u00a0\u00bb<\/p>\n","protected":false},"excerpt":{"rendered":"<p>Le journal du Conseil Multidisciplinaire du CISSSMC fait peau neuve! La nouvelle version du \u00ab\u00a0Le Multiplicateur\u00a0\u00bb propose aux professionnels de l\u2019information sur le CM et ses activit\u00e9s. Dans ce premier num\u00e9ro\u00a0: Retour sur le \u00ab\u00a05 \u00e0 7\u00a0\u00bb reconnaissance Pr\u00e9cisions sur &hellip; <a href=\"https:\/\/santemc.quebec\/icentre\/conseil-multidisciplinaire-publication-du-journal-le-multiplicateur\/\">Continuer la lecture <span class=\"meta-nav\">&rarr;<\/span><\/a><\/p>\n","protected":false},"author":1,"featured_media":0,"comment_status":"open","ping_status":"closed","sticky":false,"template":"","format":"standard","meta":{"footnotes":""},"categories":[1],"tags":[],"_links":{"self":[{"href":"https:\/\/santemc.quebec\/icentre\/wp-json\/wp\/v2\/posts\/50286"}],"collection":[{"href":"https:\/\/santemc.quebec\/icentre\/wp-json\/wp\/v2\/posts"}],"about":[{"href":"https:\/\/santemc.quebec\/icentre\/wp-json\/wp\/v2\/types\/post"}],"author":[{"embeddable":true,"href":"https:\/\/santemc.quebec\/icentre\/wp-json\/wp\/v2\/users\/1"}],"replies":[{"embeddable":true,"href":"https:\/\/santemc.quebec\/icentre\/wp-json\/wp\/v2\/comments?post=50286"}],"version-history":[{"count":8,"href":"https:\/\/santemc.quebec\/icentre\/wp-json\/wp\/v2\/posts\/50286\/revisions"}],"predecessor-version":[{"id":50296,"href":"https:\/\/santemc.quebec\/icentre\/wp-json\/wp\/v2\/posts\/50286\/revisions\/50296"}],"wp:attachment":[{"href":"https:\/\/santemc.quebec\/icentre\/wp-json\/wp\/v2\/media?parent=50286"}],"wp:term":[{"taxonomy":"category","embeddable":true,"href":"https:\/\/santemc.quebec\/icentre\/wp-json\/wp\/v2\/categories?post=50286"},{"taxonomy":"post_tag","embeddable":true,"href":"https:\/\/santemc.quebec\/icentre\/wp-json\/wp\/v2\/tags?post=50286"}],"curies":[{"name":"wp","href":"https:\/\/api.w.org\/{rel}","templated":true}]}}