{"id":5031,"date":"2017-06-22T09:44:10","date_gmt":"2017-06-22T13:44:10","guid":{"rendered":"http:\/\/santemc.quebec\/icentre\/?p=5031"},"modified":"2017-06-22T15:56:44","modified_gmt":"2017-06-22T19:56:44","slug":"cest-la-leucemie-docteur-en-route-vers-le-defi-des-generations-contre-le-cancer-avec-mark-bedford-copy-copy","status":"publish","type":"post","link":"https:\/\/santemc.quebec\/icentre\/cest-la-leucemie-docteur-en-route-vers-le-defi-des-generations-contre-le-cancer-avec-mark-bedford-copy-copy\/","title":{"rendered":"\u00ab \u00d4 z\u00e9nitude! \u00bb &#8211; En route vers le D\u00e9fi des g\u00e9n\u00e9rations contre le cancer avec Mark Bedford"},"content":{"rendered":"<div id=\"attachment_5034\" style=\"width: 235px\" class=\"wp-caption alignleft\"><img aria-describedby=\"caption-attachment-5034\" decoding=\"async\" loading=\"lazy\" class=\"size-medium wp-image-5034\" src=\"http:\/\/santemc.quebec\/santemc\/icentre\/wp-content\/uploads\/2017\/06\/Mark_billet3-225x300.jpg\" alt=\"\" width=\"225\" height=\"300\" srcset=\"https:\/\/santemc.quebec\/santemc\/icentre\/wp-content\/uploads\/2017\/06\/Mark_billet3-225x300.jpg 225w, https:\/\/santemc.quebec\/santemc\/icentre\/wp-content\/uploads\/2017\/06\/Mark_billet3-768x1024.jpg 768w, https:\/\/santemc.quebec\/santemc\/icentre\/wp-content\/uploads\/2017\/06\/Mark_billet3.jpg 960w\" sizes=\"(max-width: 225px) 100vw, 225px\" \/><p id=\"caption-attachment-5034\" class=\"wp-caption-text\">Moi, au retour de la course avec un air\u2026 fatigu\u00e9!<\/p><\/div>\n<p>Lorsque l\u2019on m\u2019a demand\u00e9 d\u2019\u00eatre ambassadeur du D\u00e9fi des g\u00e9n\u00e9rations contre le cancer, j\u2019\u00e9tais emball\u00e9. Lorsque j\u2019ai appris que j\u2019allais devoir courir, je l\u2019\u00e9tais beaucoup moins!<\/p>\n<p>Je n\u2019ai jamais compris mes amis qui courent. Pourtant, ils ont l\u2019air tellement heureux en attachant leurs lacets et tellement satisfaits lorsqu\u2019ils reviennent! En pleine communion avec chaque fibre de leur corps. Bon, j\u2019exag\u00e8re un peu\u2026 mais \u00e0 peine!<!--more--><\/p>\n<p>En tant que pompier, je devais m\u2019entra\u00eener r\u00e9guli\u00e8rement. Les appareils d\u2019entra\u00eenement, \u00e7a va. Les pratiques de pompiers, \u00e7a va aussi. Mais aller courir tout simplement? Je n\u2019ai m\u00eame pas fait comme la plupart des gens, c\u2019est-\u00e0-dire commencer 50 fois et arr\u00eater 50 fois!<\/p>\n<p>Mais cette fois-ci, la motivation est diff\u00e9rente. Je le fais pour remercier ceux qui m\u2019ont permis de gu\u00e9rir de ce cancer. Je le fais pour permettre d\u2019avoir des \u00e9quipements encore plus sp\u00e9cialis\u00e9s \u00e0 l\u2019H\u00f4pital Charles-Le Moyne. Mais je le fais surtout pour un ami tr\u00e8s proche, que j\u2019ai rencontr\u00e9 durant mes traitements et qui a combattu une leuc\u00e9mie similaire \u00e0 celle que j\u2019ai eue. Derni\u00e8rement, cet ami a eu une r\u00e9cidive.<\/p>\n<p>Alors que j\u2019apprivoise la course, une s\u00e9ance \u00e0 la fois, lui doit recommencer son combat, une chimio \u00e0 la fois\u2026<\/p>\n<p>C\u2019est donc une excellente source de motivation pour lacer mes souliers (en bougonnant\u2026) et avaler mes premiers kilom\u00e8tres. Je ne ressens pas encore de z\u00e9nitude. Je ne suis en parfaite harmonie avec les \u00e9l\u00e9ments lorsque je cours. Je sue, je souffre et je trouve \u00e7a plate. Mais \u00e7a va venir. Surveillez bien le fil d\u2019arriv\u00e9e du 5 km le 30 septembre prochain. C\u2019est moi le coureur qui le franchira le sourire aux l\u00e8vres, le regard fier et l\u2019air de dire\u00a0: \u00ab\u00a0Je l\u2019ai fait pour toi, Ren\u00e9!\u00a0\u00bb<\/p>\n<p>&nbsp;<\/p>\n<p>Mark<\/p>\n<p><a href=\"http:\/\/www.fhclm.ca\/blogue\/\" target=\"_blank\" rel=\"noopener noreferrer\">http:\/\/www.fhclm.ca\/blogue\/<\/a><\/p>\n<p>&nbsp;<\/p>\n<p>&nbsp;<\/p>\n","protected":false},"excerpt":{"rendered":"<p>Lorsque l\u2019on m\u2019a demand\u00e9 d\u2019\u00eatre ambassadeur du D\u00e9fi des g\u00e9n\u00e9rations contre le cancer, j\u2019\u00e9tais emball\u00e9. Lorsque j\u2019ai appris que j\u2019allais devoir courir, je l\u2019\u00e9tais beaucoup moins! Je n\u2019ai jamais compris mes amis qui courent. Pourtant, ils ont l\u2019air tellement heureux &hellip; <a href=\"https:\/\/santemc.quebec\/icentre\/cest-la-leucemie-docteur-en-route-vers-le-defi-des-generations-contre-le-cancer-avec-mark-bedford-copy-copy\/\">Continuer la lecture <span class=\"meta-nav\">&rarr;<\/span><\/a><\/p>\n","protected":false},"author":1,"featured_media":0,"comment_status":"open","ping_status":"closed","sticky":false,"template":"","format":"standard","meta":{"footnotes":""},"categories":[1],"tags":[96],"_links":{"self":[{"href":"https:\/\/santemc.quebec\/icentre\/wp-json\/wp\/v2\/posts\/5031"}],"collection":[{"href":"https:\/\/santemc.quebec\/icentre\/wp-json\/wp\/v2\/posts"}],"about":[{"href":"https:\/\/santemc.quebec\/icentre\/wp-json\/wp\/v2\/types\/post"}],"author":[{"embeddable":true,"href":"https:\/\/santemc.quebec\/icentre\/wp-json\/wp\/v2\/users\/1"}],"replies":[{"embeddable":true,"href":"https:\/\/santemc.quebec\/icentre\/wp-json\/wp\/v2\/comments?post=5031"}],"version-history":[{"count":5,"href":"https:\/\/santemc.quebec\/icentre\/wp-json\/wp\/v2\/posts\/5031\/revisions"}],"predecessor-version":[{"id":5053,"href":"https:\/\/santemc.quebec\/icentre\/wp-json\/wp\/v2\/posts\/5031\/revisions\/5053"}],"wp:attachment":[{"href":"https:\/\/santemc.quebec\/icentre\/wp-json\/wp\/v2\/media?parent=5031"}],"wp:term":[{"taxonomy":"category","embeddable":true,"href":"https:\/\/santemc.quebec\/icentre\/wp-json\/wp\/v2\/categories?post=5031"},{"taxonomy":"post_tag","embeddable":true,"href":"https:\/\/santemc.quebec\/icentre\/wp-json\/wp\/v2\/tags?post=5031"}],"curies":[{"name":"wp","href":"https:\/\/api.w.org\/{rel}","templated":true}]}}