{"id":5044,"date":"2017-06-22T15:27:35","date_gmt":"2017-06-22T19:27:35","guid":{"rendered":"http:\/\/santemc.quebec\/icentre\/?p=5044"},"modified":"2017-06-29T15:54:48","modified_gmt":"2017-06-29T19:54:48","slug":"felicitations-a-nos-boursieres-du-programme-de-formation-pour-cadres-forces","status":"publish","type":"post","link":"https:\/\/santemc.quebec\/icentre\/felicitations-a-nos-boursieres-du-programme-de-formation-pour-cadres-forces\/","title":{"rendered":"F\u00e9licitations \u00e0 nos boursi\u00e8res du programme de formation pour cadres FORCES!"},"content":{"rendered":"<div id=\"attachment_5045\" style=\"width: 594px\" class=\"wp-caption alignnone\"><a href=\"http:\/\/santemc.quebec\/santemc\/icentre\/wp-content\/uploads\/2017\/06\/Fellow.jpg\"><img aria-describedby=\"caption-attachment-5045\" decoding=\"async\" loading=\"lazy\" class=\"size-large wp-image-5045\" src=\"http:\/\/santemc.quebec\/santemc\/icentre\/wp-content\/uploads\/2017\/06\/Fellow-1024x768.jpg\" alt=\"\" width=\"584\" height=\"438\" srcset=\"https:\/\/santemc.quebec\/santemc\/icentre\/wp-content\/uploads\/2017\/06\/Fellow-1024x768.jpg 1024w, https:\/\/santemc.quebec\/santemc\/icentre\/wp-content\/uploads\/2017\/06\/Fellow-300x225.jpg 300w, https:\/\/santemc.quebec\/santemc\/icentre\/wp-content\/uploads\/2017\/06\/Fellow-768x576.jpg 768w, https:\/\/santemc.quebec\/santemc\/icentre\/wp-content\/uploads\/2017\/06\/Fellow-400x300.jpg 400w\" sizes=\"(max-width: 584px) 100vw, 584px\" \/><\/a><p id=\"caption-attachment-5045\" class=\"wp-caption-text\">De gauche \u00e0 droite : Richard Deschamps, pr\u00e9sident-directeur g\u00e9n\u00e9ral du CISSS de la Mont\u00e9r\u00e9gie-Centre (CISSSMC); Nathalie B\u00e9rard, directrice adjointe des services professionnels du CISSMC; Clo\u00e9 Rodrigue, adjointe au directeur de la recherche du CISSSMC; Roger Paquet, formateur de la F\u00e9d\u00e9ration canadienne d\u2019am\u00e9lioration des services de sant\u00e9; Dominique Pilon, directeur des programmes jeunesse et des activit\u00e9s de sant\u00e9 publique du CISSS de la Mont\u00e9r\u00e9gie-Ouest (CISSSMO); Pierre Guay, directeur des programmes sant\u00e9 mentale et d\u00e9pendance du CISSSMO et Yves Masse, pr\u00e9sident-directeur g\u00e9n\u00e9ral du CISSSMO<\/p><\/div>\n<p>Je tiens \u00e0 f\u00e9liciter Mme Nathalie B\u00e9rard, directrice adjointe des services professionnels, et Mme Clo\u00e9 Rodrigue, adjointe au directeur de la recherche, qui ont re\u00e7u hier soir \u00e0 Toronto leur Fellow FORCES. Cette prestigieuse reconnaissance se veut l\u2019aboutissement de plus d\u2019un an de travail sur un projet novateur en am\u00e9lioration des services de sant\u00e9.<!--more--><\/p>\n<p>Intitul\u00e9 <em>Structurer l\u2019int\u00e9gration des pharmaciens en GMF<\/em>, leur projet, d\u00e9velopp\u00e9 en collaboration avec le CISSS de la Mont\u00e9r\u00e9gie-Ouest, visait \u00e0 proposer des modes de fonctionnement favorisant une int\u00e9gration efficace des pharmaciens communautaires aux GMF et ainsi maximiser leur participation \u00e0 la prise en charge des patients.<\/p>\n<p>Notre organisation est privil\u00e9gi\u00e9e de pouvoir compter sur deux nouvelles r\u00e9cipiendaires du Fellow FORCES. Je suis tr\u00e8s fier de cet accomplissement.<\/p>\n<p>F\u00e9licitations\u00a0!<\/p>\n<p>Richard Deschamps<br \/>\npr\u00e9sident-directeur g\u00e9n\u00e9ral<\/p>\n","protected":false},"excerpt":{"rendered":"<p>Je tiens \u00e0 f\u00e9liciter Mme Nathalie B\u00e9rard, directrice adjointe des services professionnels, et Mme Clo\u00e9 Rodrigue, adjointe au directeur de la recherche, qui ont re\u00e7u hier soir \u00e0 Toronto leur Fellow FORCES. Cette prestigieuse reconnaissance se veut l\u2019aboutissement de plus &hellip; <a href=\"https:\/\/santemc.quebec\/icentre\/felicitations-a-nos-boursieres-du-programme-de-formation-pour-cadres-forces\/\">Continuer la lecture <span class=\"meta-nav\">&rarr;<\/span><\/a><\/p>\n","protected":false},"author":26,"featured_media":0,"comment_status":"open","ping_status":"closed","sticky":false,"template":"","format":"standard","meta":{"footnotes":""},"categories":[1],"tags":[],"_links":{"self":[{"href":"https:\/\/santemc.quebec\/icentre\/wp-json\/wp\/v2\/posts\/5044"}],"collection":[{"href":"https:\/\/santemc.quebec\/icentre\/wp-json\/wp\/v2\/posts"}],"about":[{"href":"https:\/\/santemc.quebec\/icentre\/wp-json\/wp\/v2\/types\/post"}],"author":[{"embeddable":true,"href":"https:\/\/santemc.quebec\/icentre\/wp-json\/wp\/v2\/users\/26"}],"replies":[{"embeddable":true,"href":"https:\/\/santemc.quebec\/icentre\/wp-json\/wp\/v2\/comments?post=5044"}],"version-history":[{"count":8,"href":"https:\/\/santemc.quebec\/icentre\/wp-json\/wp\/v2\/posts\/5044\/revisions"}],"predecessor-version":[{"id":5063,"href":"https:\/\/santemc.quebec\/icentre\/wp-json\/wp\/v2\/posts\/5044\/revisions\/5063"}],"wp:attachment":[{"href":"https:\/\/santemc.quebec\/icentre\/wp-json\/wp\/v2\/media?parent=5044"}],"wp:term":[{"taxonomy":"category","embeddable":true,"href":"https:\/\/santemc.quebec\/icentre\/wp-json\/wp\/v2\/categories?post=5044"},{"taxonomy":"post_tag","embeddable":true,"href":"https:\/\/santemc.quebec\/icentre\/wp-json\/wp\/v2\/tags?post=5044"}],"curies":[{"name":"wp","href":"https:\/\/api.w.org\/{rel}","templated":true}]}}