{"id":505,"date":"2015-07-06T13:58:06","date_gmt":"2015-07-06T17:58:06","guid":{"rendered":"http:\/\/santemc.quebec\/icentre\/?p=505"},"modified":"2015-07-06T13:58:06","modified_gmt":"2015-07-06T17:58:06","slug":"nomination-du-directeur-adjoint-logistique","status":"publish","type":"post","link":"https:\/\/santemc.quebec\/icentre\/nomination-du-directeur-adjoint-logistique\/","title":{"rendered":"Nomination du directeur adjoint logistique"},"content":{"rendered":"<p>C\u2019est avec plaisir que je vous annonce la nomination de monsieur Fr\u00e9d\u00e9ric Legault au poste de directeur adjoint logistique pour le CISSS de la Mont\u00e9r\u00e9gie-Centre. M. Legault \u0153uvre dans le r\u00e9seau de la sant\u00e9 et des services sociaux depuis plus de 10 ans comme chef des approvisionnements. Jusqu\u2019\u00e0 sa nomination, il occupait cette fonction au CSSS Haut-Richelieu \u2013 Rouville puis, auparavant, au CSSS d\u2019Antoine Labelle. D\u00e9tenteur d\u2019un baccalaur\u00e9at en administration publique, M. Legault poss\u00e8de \u00e9galement plusieurs formations sp\u00e9cialis\u00e9es de l\u2019\u00c9cole des hautes \u00e9tudes commerciales.<!--more--><\/p>\n<p>Au cours de sa carri\u00e8re, M. Legault a pilot\u00e9 de nombreux projets d\u2019am\u00e9lioration de la performance dans le domaine des approvisionnements, dont la mise sur pied d\u2019une proc\u00e9dure de gestion des commandes urgentes, une r\u00e9organisation des inventaires, ainsi qu\u2019une structuration du transport de biens entre diff\u00e9rentes installations de CSSS.<\/p>\n<p>De plus, M. Legault est reconnu pour son excellente vision du service \u00e0 la client\u00e8le, sa compr\u00e9hension fine des enjeux et des besoins des secteurs cliniques et administratifs ainsi que sa rigueur dans la mise en \u0153uvre de processus d\u2019approvisionnement performants.<\/p>\n<p>Nous sommes tr\u00e8s heureux qu\u2019il se joigne \u00e0 l\u2019\u00e9quipe de direction du CISSS de la Mont\u00e9r\u00e9gie-Centre et nous lui souhaitons la meilleure des chances dans l\u2019exercice de ses nouvelles fonctions, et tout le succ\u00e8s voulu dans la poursuite de sa carri\u00e8re.<\/p>\n","protected":false},"excerpt":{"rendered":"<p>C\u2019est avec plaisir que je vous annonce la nomination de monsieur Fr\u00e9d\u00e9ric Legault au poste de directeur adjoint logistique pour le CISSS de la Mont\u00e9r\u00e9gie-Centre. M. Legault \u0153uvre dans le r\u00e9seau de la sant\u00e9 et des services sociaux depuis plus &hellip; <a href=\"https:\/\/santemc.quebec\/icentre\/nomination-du-directeur-adjoint-logistique\/\">Continuer la lecture <span class=\"meta-nav\">&rarr;<\/span><\/a><\/p>\n","protected":false},"author":1,"featured_media":0,"comment_status":"open","ping_status":"closed","sticky":false,"template":"","format":"standard","meta":{"footnotes":""},"categories":[2],"tags":[8],"_links":{"self":[{"href":"https:\/\/santemc.quebec\/icentre\/wp-json\/wp\/v2\/posts\/505"}],"collection":[{"href":"https:\/\/santemc.quebec\/icentre\/wp-json\/wp\/v2\/posts"}],"about":[{"href":"https:\/\/santemc.quebec\/icentre\/wp-json\/wp\/v2\/types\/post"}],"author":[{"embeddable":true,"href":"https:\/\/santemc.quebec\/icentre\/wp-json\/wp\/v2\/users\/1"}],"replies":[{"embeddable":true,"href":"https:\/\/santemc.quebec\/icentre\/wp-json\/wp\/v2\/comments?post=505"}],"version-history":[{"count":1,"href":"https:\/\/santemc.quebec\/icentre\/wp-json\/wp\/v2\/posts\/505\/revisions"}],"predecessor-version":[{"id":506,"href":"https:\/\/santemc.quebec\/icentre\/wp-json\/wp\/v2\/posts\/505\/revisions\/506"}],"wp:attachment":[{"href":"https:\/\/santemc.quebec\/icentre\/wp-json\/wp\/v2\/media?parent=505"}],"wp:term":[{"taxonomy":"category","embeddable":true,"href":"https:\/\/santemc.quebec\/icentre\/wp-json\/wp\/v2\/categories?post=505"},{"taxonomy":"post_tag","embeddable":true,"href":"https:\/\/santemc.quebec\/icentre\/wp-json\/wp\/v2\/tags?post=505"}],"curies":[{"name":"wp","href":"https:\/\/api.w.org\/{rel}","templated":true}]}}