{"id":5057,"date":"2017-06-29T15:18:06","date_gmt":"2017-06-29T19:18:06","guid":{"rendered":"http:\/\/santemc.quebec\/icentre\/?p=5057"},"modified":"2017-06-29T15:18:24","modified_gmt":"2017-06-29T19:18:24","slug":"42-jours-en-isolement-en-route-vers-le-defi-des-generations-contre-le-cancer-avec-mark-bedford","status":"publish","type":"post","link":"https:\/\/santemc.quebec\/icentre\/42-jours-en-isolement-en-route-vers-le-defi-des-generations-contre-le-cancer-avec-mark-bedford\/","title":{"rendered":"\u00ab 42 jours en isolement \u00bb &#8211; En route vers le D\u00e9fi des g\u00e9n\u00e9rations contre le cancer avec Mark Bedford"},"content":{"rendered":"<div id=\"attachment_5058\" style=\"width: 235px\" class=\"wp-caption alignleft\"><img aria-describedby=\"caption-attachment-5058\" decoding=\"async\" loading=\"lazy\" class=\"size-medium wp-image-5058\" src=\"http:\/\/santemc.quebec\/santemc\/icentre\/wp-content\/uploads\/2017\/06\/Mark_billet4-225x300.jpg\" alt=\"\" width=\"225\" height=\"300\" srcset=\"https:\/\/santemc.quebec\/santemc\/icentre\/wp-content\/uploads\/2017\/06\/Mark_billet4-225x300.jpg 225w, https:\/\/santemc.quebec\/santemc\/icentre\/wp-content\/uploads\/2017\/06\/Mark_billet4-768x1024.jpg 768w, https:\/\/santemc.quebec\/santemc\/icentre\/wp-content\/uploads\/2017\/06\/Mark_billet4.jpg 960w\" sizes=\"(max-width: 225px) 100vw, 225px\" \/><p id=\"caption-attachment-5058\" class=\"wp-caption-text\">H\u00e9 oui! \u00c0 l\u2019H\u00f4pital aussi on prend des selfies! Ce ne sont pas les autoportraits \u00e0 notre meilleur, mais \u00e7a fait partie de la vie!<\/p><\/div>\n<p>La plupart des patients qui font de la chimioth\u00e9rapie se rendent \u00e0 l\u2019H\u00f4pital recevoir leur traitement et retournent \u00e0 la maison. Dans mon cas, apr\u00e8s mon arriv\u00e9e tr\u00e8s \u00ab\u00a0Silence des agneaux\u00a0\u00bb (voir mon billet \u00ab\u00a0<a href=\"https:\/\/santemc.quebec\/icentre\/?p=4981\" target=\"_blank\" rel=\"noopener noreferrer\">On dirait Hannibal Lecter<\/a>\u00a0\u00bb pour comprendre la r\u00e9f\u00e9rence! ;)), je n\u2019ai pas pu retourner chez moi. J\u2019ai tout de suite \u00e9t\u00e9 hospitalis\u00e9. Ma moelle \u00e9tait envahie de globules blancs malades. Le traitement allait \u00eatre intensif\u2026 et intense!<!--more--><\/p>\n<p>La premi\u00e8re image qui nous vient en t\u00eate lorsque l\u2019on pense \u00e0 la chimio, c\u2019est la perte de cheveux. Pour moi, c\u2019\u00e9tait bien le moindre de mes sympt\u00f4mes! Bouche et yeux secs, manque d\u2019app\u00e9tit, naus\u00e9e, \u00e9nergie \u00e0 z\u00e9ro, tremblements, articulations endolories, fi\u00e8vre \u00e0 tous les jours\u2026 Les effets \u00e9taient \u00e0 la hauteur du combat que je menais, c\u2019est-\u00e0-dire p\u00e9rilleux. J\u2019\u00e9tais sous surveillance m\u00e9dicale \u00e0 chaque instant, branch\u00e9 sur un solut\u00e9 24h\/24.<\/p>\n<p>Mon syst\u00e8me \u00e9tait beaucoup trop affaibli pour affronter le monde ext\u00e9rieur d\u00e9bordant de microbes de toutes sortes et de potentiels impacts. Parce qu\u2019il faut aussi faire attention aux chocs lorsque nos plaquettes sont \u00e0 z\u00e9ro. Le moindre saignement peut vous co\u00fbter la vie. Je l\u2019ai appris \u00e0 mes d\u00e9pends un jour alors que je me suis tout b\u00eatement accroch\u00e9 le nez et que j\u2019ai perdu \u00e0 peu pr\u00e8s 2 litres de sang!<\/p>\n<p>\u00c0 l\u2019H\u00f4pital, le temps est long. Les infirmi\u00e8res sont incroyablement d\u00e9vou\u00e9es et vous apportent le plus grand r\u00e9confort, mais le temps reste long. Ces 42 jours pass\u00e9s en isolement, avec un minimum de visite pour r\u00e9duire les risques au maximum, m\u2019auront appris \u00e0 \u00ab\u00a0donner le temps\u00a0\u00bb. Donner le temps \u00e0 mon corps de mener son combat\u2026 Et maintenant, je me donne le temps de r\u00e9apprivoiser ce corps que les traitements des trois derni\u00e8res ann\u00e9es n\u2019ont pas \u00e9pargn\u00e9!<\/p>\n<p>Mark<\/p>\n<p><a href=\"http:\/\/www.fhclm.ca\/blogue\/\" target=\"_blank\" rel=\"noopener noreferrer\">http:\/\/www.fhclm.ca\/blogue\/<\/a><\/p>\n<p><iframe loading=\"lazy\" width=\"584\" height=\"438\" src=\"https:\/\/www.youtube.com\/embed\/TV0353uvaVw?feature=oembed\" frameborder=\"0\" allowfullscreen><\/iframe><\/p>\n<p><iframe loading=\"lazy\" width=\"584\" height=\"438\" src=\"https:\/\/www.youtube.com\/embed\/Hu_YdJUVDBc?feature=oembed\" frameborder=\"0\" allowfullscreen><\/iframe><\/p>\n","protected":false},"excerpt":{"rendered":"<p>La plupart des patients qui font de la chimioth\u00e9rapie se rendent \u00e0 l\u2019H\u00f4pital recevoir leur traitement et retournent \u00e0 la maison. Dans mon cas, apr\u00e8s mon arriv\u00e9e tr\u00e8s \u00ab\u00a0Silence des agneaux\u00a0\u00bb (voir mon billet \u00ab\u00a0On dirait Hannibal Lecter\u00a0\u00bb pour comprendre &hellip; <a href=\"https:\/\/santemc.quebec\/icentre\/42-jours-en-isolement-en-route-vers-le-defi-des-generations-contre-le-cancer-avec-mark-bedford\/\">Continuer la lecture <span class=\"meta-nav\">&rarr;<\/span><\/a><\/p>\n","protected":false},"author":1,"featured_media":0,"comment_status":"open","ping_status":"closed","sticky":false,"template":"","format":"standard","meta":{"footnotes":""},"categories":[1],"tags":[],"_links":{"self":[{"href":"https:\/\/santemc.quebec\/icentre\/wp-json\/wp\/v2\/posts\/5057"}],"collection":[{"href":"https:\/\/santemc.quebec\/icentre\/wp-json\/wp\/v2\/posts"}],"about":[{"href":"https:\/\/santemc.quebec\/icentre\/wp-json\/wp\/v2\/types\/post"}],"author":[{"embeddable":true,"href":"https:\/\/santemc.quebec\/icentre\/wp-json\/wp\/v2\/users\/1"}],"replies":[{"embeddable":true,"href":"https:\/\/santemc.quebec\/icentre\/wp-json\/wp\/v2\/comments?post=5057"}],"version-history":[{"count":4,"href":"https:\/\/santemc.quebec\/icentre\/wp-json\/wp\/v2\/posts\/5057\/revisions"}],"predecessor-version":[{"id":5062,"href":"https:\/\/santemc.quebec\/icentre\/wp-json\/wp\/v2\/posts\/5057\/revisions\/5062"}],"wp:attachment":[{"href":"https:\/\/santemc.quebec\/icentre\/wp-json\/wp\/v2\/media?parent=5057"}],"wp:term":[{"taxonomy":"category","embeddable":true,"href":"https:\/\/santemc.quebec\/icentre\/wp-json\/wp\/v2\/categories?post=5057"},{"taxonomy":"post_tag","embeddable":true,"href":"https:\/\/santemc.quebec\/icentre\/wp-json\/wp\/v2\/tags?post=5057"}],"curies":[{"name":"wp","href":"https:\/\/api.w.org\/{rel}","templated":true}]}}