{"id":50572,"date":"2019-06-28T15:44:54","date_gmt":"2019-06-28T19:44:54","guid":{"rendered":"http:\/\/santemc.quebec\/icentre\/?p=50572"},"modified":"2019-06-28T16:23:21","modified_gmt":"2019-06-28T20:23:21","slug":"bientot-plus-de-ressources-pour-intervenir-aupres-des-jeunes","status":"publish","type":"post","link":"https:\/\/santemc.quebec\/icentre\/bientot-plus-de-ressources-pour-intervenir-aupres-des-jeunes\/","title":{"rendered":"Bient\u00f4t plus de ressources pour intervenir aupr\u00e8s des jeunes enfants"},"content":{"rendered":"<div id=\"attachment_50683\" style=\"width: 310px\" class=\"wp-caption alignleft\"><a href=\"http:\/\/santemc.quebec\/santemc\/icentre\/wp-content\/uploads\/2019\/06\/DSC_4596.jpg\"><img aria-describedby=\"caption-attachment-50683\" decoding=\"async\" loading=\"lazy\" class=\"wp-image-50683 size-medium\" src=\"http:\/\/santemc.quebec\/santemc\/icentre\/wp-content\/uploads\/2019\/06\/DSC_4596-300x193.jpg\" alt=\"\" width=\"300\" height=\"193\" srcset=\"https:\/\/santemc.quebec\/santemc\/icentre\/wp-content\/uploads\/2019\/06\/DSC_4596-300x193.jpg 300w, https:\/\/santemc.quebec\/santemc\/icentre\/wp-content\/uploads\/2019\/06\/DSC_4596-768x493.jpg 768w, https:\/\/santemc.quebec\/santemc\/icentre\/wp-content\/uploads\/2019\/06\/DSC_4596-1024x657.jpg 1024w, https:\/\/santemc.quebec\/santemc\/icentre\/wp-content\/uploads\/2019\/06\/DSC_4596-467x300.jpg 467w\" sizes=\"(max-width: 300px) 100vw, 300px\" \/><\/a><p id=\"caption-attachment-50683\" class=\"wp-caption-text\">Les 3 PDG des CISSS de la Mont\u00e9r\u00e9gie, en compagnie du ministre d\u00e9l\u00e9gu\u00e9 \u00e0 la Sant\u00e9 et aux Services sociaux, Lionel Carmant, et de d\u00e9put\u00e9s de la Mont\u00e9r\u00e9gie.<\/p><\/div>\n<p>Le ministre d\u00e9l\u00e9gu\u00e9 \u00e0 la Sant\u00e9 et aux Services sociaux, monsieur Lionel Carmant, \u00e9tait \u00e0 Longueuil aujourd\u2019hui pour lancer son programme Agir t\u00f4t.<\/p>\n<p>\u00c0 cette occasion, il a annonc\u00e9 l\u2019octroi d\u2019un montant de 7 996 700 $ afin de d\u00e9velopper des ressources en d\u00e9pistage et principalement de rehausser les \u00e9quipes d\u2019intervention aupr\u00e8s des jeunes enfants pr\u00e9sentant un retard de d\u00e9veloppement, une d\u00e9ficience physique, une d\u00e9ficience intellectuelle ou un trouble du spectre de l\u2019autisme dans la r\u00e9gion de la Mont\u00e9r\u00e9gie.<!--more--><\/p>\n<p>De ce montant, 2 027 000 $ iront au CISSS de la Mont\u00e9r\u00e9gie-Centre, principalement pour embaucher des professionnels en pr\u00e9vention, en d\u00e9pistage et en intervention aupr\u00e8s des jeunes enfants.<\/p>\n<p>Agir t\u00f4t est un engagement phare du gouvernement et des investissements de 48 M$ ont \u00e9t\u00e9 annonc\u00e9s d\u00e8s 2019-2020 pour son d\u00e9ploiement, investissements qui atteindront progressivement 88 M$ annuellement d\u2019ici 2023-2024.<\/p>\n<p>Le programme vise \u00e0 identifier le plus t\u00f4t possible les difficult\u00e9s chez l\u2019enfant, \u00e0 \u00e9valuer son profil de d\u00e9veloppement et \u00e0 l\u2019orienter vers le bon service et, enfin, \u00e0 lui offrir le soutien dont lui et sa famille ont besoin.<\/p>\n<p>Il repose sur le d\u00e9ploiement, \u00e0 l\u2019\u00e9chelle du Qu\u00e9bec, d&rsquo;une plateforme informatique \u00e0 laquelle la population aura acc\u00e8s graduellement au cours des prochains mois, et qui regroupe des questionnaires de d\u00e9pistage sur le d\u00e9veloppement de l\u2019enfant 0-5 ans. \u00c0 partir des r\u00e9ponses \u00e0 des questionnaires, l\u2019enfant pourra \u00eatre orient\u00e9 plus rapidement vers les services appropri\u00e9s et \u00eatre rencontr\u00e9 par une \u00e9quipe multidisciplinaire le plus t\u00f4t possible.<\/p>\n<p>Parmi ses nombreux avantages, notons :<\/p>\n<ul>\n<li>une meilleure orientation de l\u2019enfant vers les services requis, gr\u00e2ce \u00e0 un portrait plus pr\u00e9cis de son d\u00e9veloppement;<\/li>\n<li>de plus courts d\u00e9lais d\u2019orientation;<\/li>\n<li>la participation de la famille d\u00e8s le d\u00e9but du processus;<\/li>\n<li>la possibilit\u00e9 d\u2019offrir \u00e0 l\u2019enfant les services de stimulation pr\u00e9coce dont il a besoin avant m\u00eame la confirmation d\u2019un \u00e9ventuel diagnostic;<\/li>\n<li>et la possibilit\u00e9 d\u2019\u00e9laborer un plan d\u2019intervention pr\u00e9coce et plus pr\u00e9cis.<\/li>\n<\/ul>\n","protected":false},"excerpt":{"rendered":"<p>Le ministre d\u00e9l\u00e9gu\u00e9 \u00e0 la Sant\u00e9 et aux Services sociaux, monsieur Lionel Carmant, \u00e9tait \u00e0 Longueuil aujourd\u2019hui pour lancer son programme Agir t\u00f4t. \u00c0 cette occasion, il a annonc\u00e9 l\u2019octroi d\u2019un montant de 7 996 700 $ afin de d\u00e9velopper &hellip; <a href=\"https:\/\/santemc.quebec\/icentre\/bientot-plus-de-ressources-pour-intervenir-aupres-des-jeunes\/\">Continuer la lecture <span class=\"meta-nav\">&rarr;<\/span><\/a><\/p>\n","protected":false},"author":1,"featured_media":0,"comment_status":"open","ping_status":"closed","sticky":false,"template":"","format":"standard","meta":{"footnotes":""},"categories":[1],"tags":[],"_links":{"self":[{"href":"https:\/\/santemc.quebec\/icentre\/wp-json\/wp\/v2\/posts\/50572"}],"collection":[{"href":"https:\/\/santemc.quebec\/icentre\/wp-json\/wp\/v2\/posts"}],"about":[{"href":"https:\/\/santemc.quebec\/icentre\/wp-json\/wp\/v2\/types\/post"}],"author":[{"embeddable":true,"href":"https:\/\/santemc.quebec\/icentre\/wp-json\/wp\/v2\/users\/1"}],"replies":[{"embeddable":true,"href":"https:\/\/santemc.quebec\/icentre\/wp-json\/wp\/v2\/comments?post=50572"}],"version-history":[{"count":11,"href":"https:\/\/santemc.quebec\/icentre\/wp-json\/wp\/v2\/posts\/50572\/revisions"}],"predecessor-version":[{"id":50687,"href":"https:\/\/santemc.quebec\/icentre\/wp-json\/wp\/v2\/posts\/50572\/revisions\/50687"}],"wp:attachment":[{"href":"https:\/\/santemc.quebec\/icentre\/wp-json\/wp\/v2\/media?parent=50572"}],"wp:term":[{"taxonomy":"category","embeddable":true,"href":"https:\/\/santemc.quebec\/icentre\/wp-json\/wp\/v2\/categories?post=50572"},{"taxonomy":"post_tag","embeddable":true,"href":"https:\/\/santemc.quebec\/icentre\/wp-json\/wp\/v2\/tags?post=50572"}],"curies":[{"name":"wp","href":"https:\/\/api.w.org\/{rel}","templated":true}]}}