{"id":508,"date":"2015-07-07T09:06:20","date_gmt":"2015-07-07T13:06:20","guid":{"rendered":"http:\/\/santemc.quebec\/icentre\/?p=508"},"modified":"2015-07-07T09:22:46","modified_gmt":"2015-07-07T13:22:46","slug":"la-fondation-sante-accueille-un-nouveau-directeur-general","status":"publish","type":"post","link":"https:\/\/santemc.quebec\/icentre\/la-fondation-sante-accueille-un-nouveau-directeur-general\/","title":{"rendered":"La Fondation sant\u00e9 Haut-Richelieu\u2013Rouville accueille un nouveau directeur g\u00e9n\u00e9ral"},"content":{"rendered":"<div style=\"width: 266px\" class=\"wp-caption alignleft\"><a href=\"http:\/\/fondationsante.com\/wp-content\/uploads\/2015\/06\/Sylvain-Lessard-et-Mathieu-St-Arnaud-Lavoie.jpg\"><img decoding=\"async\" loading=\"lazy\" class=\"\" src=\"http:\/\/fondationsante.com\/wp-content\/uploads\/2015\/06\/Sylvain-Lessard-et-Mathieu-St-Arnaud-Lavoie.jpg\" alt=\"\" width=\"256\" height=\"176\" \/><\/a><p class=\"wp-caption-text\">Sur la photo : le nouveau pr\u00e9sident du conseil d\u2019administration, Sylvain Lessard, accompagn\u00e9 de Mathieu St-Arnaud Lavoie, nouveau directeur g\u00e9n\u00e9ral<\/p><\/div>\n<p>Monsieur Sylvain Lessard, nouveau pr\u00e9sident du conseil d\u2019administration de la Fondation Sant\u00e9 Haut-Richelieu\u2013Rouville, est heureux d\u2019annoncer la nomination de Mathieu St-Arnaud Lavoie au poste de directeur g\u00e9n\u00e9ral. Celui-ci entrera officiellement en fonction le 1<sup>er<\/sup> juillet et viendra ainsi combler le poste laiss\u00e9 vacant par le d\u00e9part de Madame Suzanne Durand.<!--more--><\/p>\n<p>D\u00e9tenteur d\u2019un baccalaur\u00e9at en enseignement de l\u2019\u00e9ducation physique et \u00e0 la sant\u00e9 et d\u2019un dipl\u00f4me de deuxi\u00e8me cycle en gestion de l\u2019\u00e9ducation et de la formation de l\u2019Universit\u00e9 de Sherbrooke, Monsieur St-Arnaud Lavoie poss\u00e8de plus de dix ans d\u2019exp\u00e9rience en gestion dans des secteurs diversifi\u00e9s. Il \u00e9tait, jusqu\u2019\u00e0 tout r\u00e9cemment, le directeur de la Fondation Eulalie-Durocher du Coll\u00e8ge Durocher Saint-Lambert. Il \u0153uvre \u00e9galement aupr\u00e8s de nombreux conseils d\u2019administration, notamment celui de la Foire d\u2019arts contemporains de Saint-Lambert, dont il est le pr\u00e9sident, et celui du Club de Golf de Boucherville.<\/p>\n<p>Lors du Cocktail du Pr\u00e9sident, un \u00e9v\u00e9nement qui se tenait le 17 juin dernier sur la terrasse du Nautique, Monsieur Sylvain Lessard lui a souhait\u00e9 la bienvenue en d\u00e9clarant\u00a0: \u00ab\u00a0Au nom des employ\u00e9s et des administrateurs du conseil d\u2019administration de la Fondation Sant\u00e9 Haut-Richelieu-Rouville, je souhaite offrir \u00e0 Monsieur St-Arnaud Lavoie nos meilleurs v\u0153ux de succ\u00e8s dans ses nouvelles fonctions\u00a0\u00bb.<\/p>\n<p>Quant \u00e0 lui, le nouveau directeur g\u00e9n\u00e9ral a mentionn\u00e9\u00a0: \u00ab\u00a0Je suis tr\u00e8s enthousiaste de me joindre \u00e0 l\u2019\u00e9quipe de la Fondation Sant\u00e9 Haut-Richelieu-Rouville. Je suis persuad\u00e9 que nous pourrons accomplir de grandes choses et que nous poursuivrons la tradition d\u2019excellence qui rayonne autour de l\u2018organisme\u00a0\u00bb.<\/p>\n<p>Rappelons que la Fondation Sant\u00e9 supporte, gr\u00e2ce aux dons du grand public et des entreprises de la r\u00e9gion, l\u2019ensemble des services sociaux et de sant\u00e9 sur les 21 municipalit\u00e9s qu\u2019elle dessert. Elle soutient l\u2019H\u00f4pital du Haut-Richelieu, les centres d\u2019h\u00e9bergement Champagnat, Georges-Phaneuf, Gertrude-Lafrance de Saint-Jean-sur-Richelieu, Val-Joli de Saint-C\u00e9saire, Saint-Joseph de Chambly et Sainte-Croix de Marieville, les quatre CLSC de Saint-Jean-sur-Richelieu, Henryville, Richelieu et Saint-C\u00e9saire, la Clinique jeunesse de Saint-Jean-sur-Richelieu, les services externes de consultation, la Maison de soins palliatifs de Saint-Jean-sur-Richelieu, la Clinique-r\u00e9seau M\u00e9di-Soleil et la Maison de naissance de Richelieu.<\/p>\n","protected":false},"excerpt":{"rendered":"<p>Monsieur Sylvain Lessard, nouveau pr\u00e9sident du conseil d\u2019administration de la Fondation Sant\u00e9 Haut-Richelieu\u2013Rouville, est heureux d\u2019annoncer la nomination de Mathieu St-Arnaud Lavoie au poste de directeur g\u00e9n\u00e9ral. Celui-ci entrera officiellement en fonction le 1er juillet et viendra ainsi combler le &hellip; <a href=\"https:\/\/santemc.quebec\/icentre\/la-fondation-sante-accueille-un-nouveau-directeur-general\/\">Continuer la lecture <span class=\"meta-nav\">&rarr;<\/span><\/a><\/p>\n","protected":false},"author":1,"featured_media":0,"comment_status":"open","ping_status":"closed","sticky":false,"template":"","format":"standard","meta":{"footnotes":""},"categories":[1],"tags":[20],"_links":{"self":[{"href":"https:\/\/santemc.quebec\/icentre\/wp-json\/wp\/v2\/posts\/508"}],"collection":[{"href":"https:\/\/santemc.quebec\/icentre\/wp-json\/wp\/v2\/posts"}],"about":[{"href":"https:\/\/santemc.quebec\/icentre\/wp-json\/wp\/v2\/types\/post"}],"author":[{"embeddable":true,"href":"https:\/\/santemc.quebec\/icentre\/wp-json\/wp\/v2\/users\/1"}],"replies":[{"embeddable":true,"href":"https:\/\/santemc.quebec\/icentre\/wp-json\/wp\/v2\/comments?post=508"}],"version-history":[{"count":3,"href":"https:\/\/santemc.quebec\/icentre\/wp-json\/wp\/v2\/posts\/508\/revisions"}],"predecessor-version":[{"id":511,"href":"https:\/\/santemc.quebec\/icentre\/wp-json\/wp\/v2\/posts\/508\/revisions\/511"}],"wp:attachment":[{"href":"https:\/\/santemc.quebec\/icentre\/wp-json\/wp\/v2\/media?parent=508"}],"wp:term":[{"taxonomy":"category","embeddable":true,"href":"https:\/\/santemc.quebec\/icentre\/wp-json\/wp\/v2\/categories?post=508"},{"taxonomy":"post_tag","embeddable":true,"href":"https:\/\/santemc.quebec\/icentre\/wp-json\/wp\/v2\/tags?post=508"}],"curies":[{"name":"wp","href":"https:\/\/api.w.org\/{rel}","templated":true}]}}