{"id":51,"date":"2015-03-16T14:37:47","date_gmt":"2015-03-16T13:37:47","guid":{"rendered":"http:\/\/santemc.quebec\/journal\/?p=51"},"modified":"2016-03-14T14:31:48","modified_gmt":"2016-03-14T18:31:48","slug":"nomination-de-madame-lise-pouliot-au-poste-de-presidente-directrice-generale-adjointe-du-centre-integre-de-sante-et-de-services-sociaux-de-la-monteregie-centre","status":"publish","type":"post","link":"https:\/\/santemc.quebec\/icentre\/nomination-de-madame-lise-pouliot-au-poste-de-presidente-directrice-generale-adjointe-du-centre-integre-de-sante-et-de-services-sociaux-de-la-monteregie-centre\/","title":{"rendered":"Nomination de madame Lise Pouliot au poste de pr\u00e9sidente-directrice g\u00e9n\u00e9rale adjointe du Centre int\u00e9gr\u00e9 de sant\u00e9 et de services sociaux de la Mont\u00e9r\u00e9gie-Centre"},"content":{"rendered":"<div style=\"width: 160px\" class=\"wp-caption alignleft\"><img decoding=\"async\" loading=\"lazy\" class=\"\" src=\"http:\/\/www.santemonteregie.net\/connivence\/wp-content\/uploads\/2015\/03\/madame_pouliot_-photo-de-Patrick-Roger-rogn%C3%A9e1.jpg\" alt=\"Mme Lise Pouliot\" width=\"150\" height=\"156\" \/><p class=\"wp-caption-text\">Mme Lise Pouliot<\/p><\/div>\n<p>Le ministre de la Sant\u00e9 et des Services sociaux, monsieur Ga\u00e9tan Barrette, annonce la nomination de madame Lise Pouliot \u00e0 titre de pr\u00e9sidente-directrice g\u00e9n\u00e9rale adjointe (PDGA) du Centre int\u00e9gr\u00e9 de sant\u00e9 et de services sociaux (CISSS) de la Mont\u00e9r\u00e9gie-Centre, qui sera officiellement institu\u00e9 le 1<sup>er<\/sup> avril 2015 en vertu de la Loi modifiant l\u2019organisation et la gouvernance du r\u00e9seau de la sant\u00e9 et des services sociaux notamment par l\u2019abolition des agences r\u00e9gionales.<!--more--><\/p>\n<p>\u00c0 l\u2019instar des postes de pr\u00e9sidents-directeurs g\u00e9n\u00e9raux (PDG), ceux des PDGA ont fait l\u2019objet d\u2019un appel de candidatures public diffus\u00e9 dans les journaux et sur le Web. Le comit\u00e9 de s\u00e9lection \u00e9tait form\u00e9 du PDG nouvellement nomm\u00e9 de l\u2019\u00e9tablissement, du sous-ministre, de certains sous-ministres adjoints et d\u2019un ancien sous-ministre de la Sant\u00e9 et des Services sociaux.<\/p>\n<p>Titulaire d\u2019une ma\u00eetrise en sciences infirmi\u00e8res et d\u2019une ma\u00eetrise en informatique de gestion, madame Pouliot a cumul\u00e9 plusieurs ann\u00e9es d\u2019exp\u00e9rience en tant que gestionnaire dans le r\u00e9seau, notamment \u00e0 l\u2019H\u00f4pital g\u00e9n\u00e9ral juif et au Centre universitaire de sant\u00e9 McGill (CUSM). Elle a par ailleurs \u00e9t\u00e9 directrice g\u00e9n\u00e9rale du Centre de sant\u00e9 et de services sociaux (CSSS) de la C\u00f4te-de-Gasp\u00e9 de 2009 \u00e0 2012, puis du CSSS Richelieu-Yamaska jusqu\u2019\u00e0 ce jour.<\/p>\n<p>\u00ab Gr\u00e2ce \u00e0 son importante exp\u00e9rience en tant que gestionnaire et \u00e0 sa connaissance approfondie des enjeux cliniques propres \u00e0 notre r\u00e9seau, je suis persuad\u00e9 que madame Pouliot saura apporter tout le soutien n\u00e9cessaire au PDG et \u00e0 l\u2019\u00e9quipe de direction pour am\u00e9liorer la qualit\u00e9 des soins et services offerts aux usagers du CISSS de la Mont\u00e9r\u00e9gie-Centre. Je suis \u00e9galement convaincu qu\u2019elle saura faire preuve de d\u00e9termination et de leadership dans l\u2019exercice de ses responsabilit\u00e9s, au b\u00e9n\u00e9fice de l\u2019ensemble des citoyens \u00bb, a d\u00e9clar\u00e9 le ministre Barrette.<\/p>\n","protected":false},"excerpt":{"rendered":"<p>Le ministre de la Sant\u00e9 et des Services sociaux, monsieur Ga\u00e9tan Barrette, annonce la nomination de madame Lise Pouliot \u00e0 titre de pr\u00e9sidente-directrice g\u00e9n\u00e9rale adjointe (PDGA) du Centre int\u00e9gr\u00e9 de sant\u00e9 et de services sociaux (CISSS) de la Mont\u00e9r\u00e9gie-Centre, qui &hellip; <a href=\"https:\/\/santemc.quebec\/icentre\/nomination-de-madame-lise-pouliot-au-poste-de-presidente-directrice-generale-adjointe-du-centre-integre-de-sante-et-de-services-sociaux-de-la-monteregie-centre\/\">Continuer la lecture <span class=\"meta-nav\">&rarr;<\/span><\/a><\/p>\n","protected":false},"author":1,"featured_media":0,"comment_status":"open","ping_status":"closed","sticky":false,"template":"","format":"standard","meta":{"footnotes":""},"categories":[2],"tags":[8],"_links":{"self":[{"href":"https:\/\/santemc.quebec\/icentre\/wp-json\/wp\/v2\/posts\/51"}],"collection":[{"href":"https:\/\/santemc.quebec\/icentre\/wp-json\/wp\/v2\/posts"}],"about":[{"href":"https:\/\/santemc.quebec\/icentre\/wp-json\/wp\/v2\/types\/post"}],"author":[{"embeddable":true,"href":"https:\/\/santemc.quebec\/icentre\/wp-json\/wp\/v2\/users\/1"}],"replies":[{"embeddable":true,"href":"https:\/\/santemc.quebec\/icentre\/wp-json\/wp\/v2\/comments?post=51"}],"version-history":[{"count":4,"href":"https:\/\/santemc.quebec\/icentre\/wp-json\/wp\/v2\/posts\/51\/revisions"}],"predecessor-version":[{"id":1811,"href":"https:\/\/santemc.quebec\/icentre\/wp-json\/wp\/v2\/posts\/51\/revisions\/1811"}],"wp:attachment":[{"href":"https:\/\/santemc.quebec\/icentre\/wp-json\/wp\/v2\/media?parent=51"}],"wp:term":[{"taxonomy":"category","embeddable":true,"href":"https:\/\/santemc.quebec\/icentre\/wp-json\/wp\/v2\/categories?post=51"},{"taxonomy":"post_tag","embeddable":true,"href":"https:\/\/santemc.quebec\/icentre\/wp-json\/wp\/v2\/tags?post=51"}],"curies":[{"name":"wp","href":"https:\/\/api.w.org\/{rel}","templated":true}]}}