{"id":5118,"date":"2017-07-10T16:09:52","date_gmt":"2017-07-10T20:09:52","guid":{"rendered":"http:\/\/santemc.quebec\/icentre\/?p=5118"},"modified":"2017-08-17T14:36:19","modified_gmt":"2017-08-17T18:36:19","slug":"la-directrice-de-sante-publique-parle-de-la-maladie-de-lyme-a-lemission-indice-uv","status":"publish","type":"post","link":"https:\/\/santemc.quebec\/icentre\/la-directrice-de-sante-publique-parle-de-la-maladie-de-lyme-a-lemission-indice-uv\/","title":{"rendered":"La directrice de sant\u00e9 publique parle de la maladie de Lyme \u00e0 l\u2019\u00e9mission Indice UV"},"content":{"rendered":"<p><img decoding=\"async\" loading=\"lazy\" class=\"alignleft \" src=\"http:\/\/ici.radio-canada.ca\/content\/shows\/Indice-UV\/Site\/images\/util\/util-facebook.jpg\" width=\"320\" height=\"174\" \/>Dre Julie Loslier, directrice de sant\u00e9 publique de la Mont\u00e9r\u00e9gie, parlera de la pr\u00e9sence de la maladie de Lyme de plus en plus importante au Qu\u00e9bec et des fa\u00e7ons de pr\u00e9venir l\u2019infection demain (le mardi 11 juillet) \u00e0 l\u2019\u00e9mission Indice UV de Radio-Canada.<\/p>\n<p><!--more--><\/p>\n<p>Anim\u00e9e par Anne-Marie Whitenshaw et Mario Tessier, l\u2019\u00e9mission est diffus\u00e9e \u00e0 9 h 30, \u00e0 16 h 30 et \u00e0 23 h.<\/p>\n<p>Indice UV aborde diff\u00e9rents sujets d\u2019int\u00e9r\u00eat g\u00e9n\u00e9ral dans une ambiance d\u00e9contract\u00e9e. L\u2019humoriste Yves P. Pelletier, un ancien membre du groupe Rock et Belles Oreilles, \u00e9tait l\u2019artiste invit\u00e9 \u00e0 l\u2019\u00e9mission qui sera diffus\u00e9e mardi.<\/p>\n<p>Les \u00e9missions peuvent \u00eatre visionn\u00e9es en rattrapage sur le site Internet <a href=\"http:\/\/ici.radio-canada.ca\/tele\/indice-uv\/site\/\">http:\/\/ici.radio-canada.ca\/tele\/indice-uv\/site\/<\/a> et sur l\u2019application Tout.tv.<\/p>\n","protected":false},"excerpt":{"rendered":"<p>Dre Julie Loslier, directrice de sant\u00e9 publique de la Mont\u00e9r\u00e9gie, parlera de la pr\u00e9sence de la maladie de Lyme de plus en plus importante au Qu\u00e9bec et des fa\u00e7ons de pr\u00e9venir l\u2019infection demain (le mardi 11 juillet) \u00e0 l\u2019\u00e9mission Indice &hellip; <a href=\"https:\/\/santemc.quebec\/icentre\/la-directrice-de-sante-publique-parle-de-la-maladie-de-lyme-a-lemission-indice-uv\/\">Continuer la lecture <span class=\"meta-nav\">&rarr;<\/span><\/a><\/p>\n","protected":false},"author":9,"featured_media":0,"comment_status":"open","ping_status":"closed","sticky":false,"template":"","format":"standard","meta":{"footnotes":""},"categories":[1],"tags":[],"_links":{"self":[{"href":"https:\/\/santemc.quebec\/icentre\/wp-json\/wp\/v2\/posts\/5118"}],"collection":[{"href":"https:\/\/santemc.quebec\/icentre\/wp-json\/wp\/v2\/posts"}],"about":[{"href":"https:\/\/santemc.quebec\/icentre\/wp-json\/wp\/v2\/types\/post"}],"author":[{"embeddable":true,"href":"https:\/\/santemc.quebec\/icentre\/wp-json\/wp\/v2\/users\/9"}],"replies":[{"embeddable":true,"href":"https:\/\/santemc.quebec\/icentre\/wp-json\/wp\/v2\/comments?post=5118"}],"version-history":[{"count":5,"href":"https:\/\/santemc.quebec\/icentre\/wp-json\/wp\/v2\/posts\/5118\/revisions"}],"predecessor-version":[{"id":5258,"href":"https:\/\/santemc.quebec\/icentre\/wp-json\/wp\/v2\/posts\/5118\/revisions\/5258"}],"wp:attachment":[{"href":"https:\/\/santemc.quebec\/icentre\/wp-json\/wp\/v2\/media?parent=5118"}],"wp:term":[{"taxonomy":"category","embeddable":true,"href":"https:\/\/santemc.quebec\/icentre\/wp-json\/wp\/v2\/categories?post=5118"},{"taxonomy":"post_tag","embeddable":true,"href":"https:\/\/santemc.quebec\/icentre\/wp-json\/wp\/v2\/tags?post=5118"}],"curies":[{"name":"wp","href":"https:\/\/api.w.org\/{rel}","templated":true}]}}