{"id":512,"date":"2015-07-07T10:29:44","date_gmt":"2015-07-07T14:29:44","guid":{"rendered":"http:\/\/santemc.quebec\/icentre\/?p=512"},"modified":"2015-07-07T10:29:44","modified_gmt":"2015-07-07T14:29:44","slug":"nomination-du-directeur-adjoint-des-services-techniques-genie-biomedical","status":"publish","type":"post","link":"https:\/\/santemc.quebec\/icentre\/nomination-du-directeur-adjoint-des-services-techniques-genie-biomedical\/","title":{"rendered":"Nomination du directeur adjoint des services techniques \u2013 G\u00e9nie biom\u00e9dical"},"content":{"rendered":"<p>C\u2019est avec plaisir que je vous annonce la nomination de monsieur Claude P\u00e9russe au poste de directeur adjoint des services techniques &#8211; G\u00e9nie biom\u00e9dical pour le CISSS de la Mont\u00e9r\u00e9gie-Centre. M. P\u00e9russe, qui compte plus de 28 ans d\u2019exp\u00e9rience dans le r\u00e9seau de la sant\u00e9 et des services sociaux, d\u00e9tient un baccalaur\u00e9at et une ma\u00eetrise en physique de m\u00eame qu\u2019une ma\u00eetrise en administration publique. Depuis 2012 jusqu\u2019\u00e0 sa nomination, il \u00e9tait directeur adjoint des services-conseils en technologies \u00e0 l\u2019Agence de la sant\u00e9 et des services sociaux de la Mont\u00e9r\u00e9gie. Il y avait auparavant occup\u00e9 les fonctions de directeur adjoint des ressources technologiques et de coordonnateur du Groupe biom\u00e9dical Mont\u00e9r\u00e9gie.<!--more--><\/p>\n<p>M. P\u00e9russe cumule des exp\u00e9riences dans un vaste \u00e9ventail de technologies de la sant\u00e9, particuli\u00e8rement les technologies de l\u2019information, du g\u00e9nie biom\u00e9dical et de la physique m\u00e9dicale. Il poss\u00e8de \u00e9galement une expertise en planification strat\u00e9gique et d\u2019affaires, en d\u00e9ploiement de processus de qualit\u00e9, et en direction et gestion de projets, notamment en contexte de changement.<\/p>\n<p>Reconnu pour son approche client\u00e8le, son esprit d\u2019\u00e9quipe et sa loyaut\u00e9, M. P\u00e9russe a su, au fil de ses exp\u00e9riences, d\u00e9velopper un leadership transformationnel et tisser de nombreux liens de collaboration avec les \u00e9tablissements et partenaires du r\u00e9seau. Ses comp\u00e9tences contribueront sans aucun doute \u00e0 r\u00e9pondre aux d\u00e9fis d\u2019optimisation et de d\u00e9veloppement des affaires de l\u2019organisation.<\/p>\n<p>Nous sommes tr\u00e8s heureux qu\u2019il se joigne \u00e0 l\u2019\u00e9quipe de direction du CISSS de la Mont\u00e9r\u00e9gie-Centre et nous lui souhaitons la meilleure des chances dans l\u2019exercice de ses nouvelles fonctions, et tout le succ\u00e8s voulu dans la poursuite de sa carri\u00e8re.<\/p>\n","protected":false},"excerpt":{"rendered":"<p>C\u2019est avec plaisir que je vous annonce la nomination de monsieur Claude P\u00e9russe au poste de directeur adjoint des services techniques &#8211; G\u00e9nie biom\u00e9dical pour le CISSS de la Mont\u00e9r\u00e9gie-Centre. M. P\u00e9russe, qui compte plus de 28 ans d\u2019exp\u00e9rience dans &hellip; <a href=\"https:\/\/santemc.quebec\/icentre\/nomination-du-directeur-adjoint-des-services-techniques-genie-biomedical\/\">Continuer la lecture <span class=\"meta-nav\">&rarr;<\/span><\/a><\/p>\n","protected":false},"author":1,"featured_media":0,"comment_status":"open","ping_status":"closed","sticky":false,"template":"","format":"standard","meta":{"footnotes":""},"categories":[2],"tags":[8],"_links":{"self":[{"href":"https:\/\/santemc.quebec\/icentre\/wp-json\/wp\/v2\/posts\/512"}],"collection":[{"href":"https:\/\/santemc.quebec\/icentre\/wp-json\/wp\/v2\/posts"}],"about":[{"href":"https:\/\/santemc.quebec\/icentre\/wp-json\/wp\/v2\/types\/post"}],"author":[{"embeddable":true,"href":"https:\/\/santemc.quebec\/icentre\/wp-json\/wp\/v2\/users\/1"}],"replies":[{"embeddable":true,"href":"https:\/\/santemc.quebec\/icentre\/wp-json\/wp\/v2\/comments?post=512"}],"version-history":[{"count":1,"href":"https:\/\/santemc.quebec\/icentre\/wp-json\/wp\/v2\/posts\/512\/revisions"}],"predecessor-version":[{"id":513,"href":"https:\/\/santemc.quebec\/icentre\/wp-json\/wp\/v2\/posts\/512\/revisions\/513"}],"wp:attachment":[{"href":"https:\/\/santemc.quebec\/icentre\/wp-json\/wp\/v2\/media?parent=512"}],"wp:term":[{"taxonomy":"category","embeddable":true,"href":"https:\/\/santemc.quebec\/icentre\/wp-json\/wp\/v2\/categories?post=512"},{"taxonomy":"post_tag","embeddable":true,"href":"https:\/\/santemc.quebec\/icentre\/wp-json\/wp\/v2\/tags?post=512"}],"curies":[{"name":"wp","href":"https:\/\/api.w.org\/{rel}","templated":true}]}}