{"id":5127,"date":"2017-07-11T15:07:40","date_gmt":"2017-07-11T19:07:40","guid":{"rendered":"http:\/\/santemc.quebec\/icentre\/?p=5127"},"modified":"2017-07-11T15:07:40","modified_gmt":"2017-07-11T19:07:40","slug":"un-marche-ambulant-pour-favoriser-ladoption-de-saines-habitudes-de-vie","status":"publish","type":"post","link":"https:\/\/santemc.quebec\/icentre\/un-marche-ambulant-pour-favoriser-ladoption-de-saines-habitudes-de-vie\/","title":{"rendered":"Un march\u00e9 ambulant pour favoriser l\u2019adoption de saines habitudes de vie"},"content":{"rendered":"<div id=\"attachment_5128\" style=\"width: 310px\" class=\"wp-caption alignleft\"><a href=\"http:\/\/santemc.quebec\/santemc\/icentre\/wp-content\/uploads\/2017\/07\/IMG_0315.jpg\"><img aria-describedby=\"caption-attachment-5128\" decoding=\"async\" loading=\"lazy\" class=\"size-medium wp-image-5128\" src=\"http:\/\/santemc.quebec\/santemc\/icentre\/wp-content\/uploads\/2017\/07\/IMG_0315-300x300.jpg\" alt=\"\" width=\"300\" height=\"300\" srcset=\"https:\/\/santemc.quebec\/santemc\/icentre\/wp-content\/uploads\/2017\/07\/IMG_0315-300x300.jpg 300w, https:\/\/santemc.quebec\/santemc\/icentre\/wp-content\/uploads\/2017\/07\/IMG_0315-150x150.jpg 150w, https:\/\/santemc.quebec\/santemc\/icentre\/wp-content\/uploads\/2017\/07\/IMG_0315.jpg 640w\" sizes=\"(max-width: 300px) 100vw, 300px\" \/><\/a><p id=\"caption-attachment-5128\" class=\"wp-caption-text\">Le kiosque FruiGumes<\/p><\/div>\n<p>L\u2019\u00e9quipe saines habitudes de vie et environnements favorables au CISSS de la Mont\u00e9r\u00e9gie-Centre participait la semaine derni\u00e8re au lancement du march\u00e9 ambulant FruiGumes.<\/p>\n<p><!--more--><\/p>\n<p>Ce march\u00e9 permet aux r\u00e9sidents de Sainte-Anne-de-Sabrevois, Saint-Alexandre, Saint-S\u00e9bastien et d\u2019Henryville de se procurer des fruits et l\u00e9gumes frais cultiv\u00e9s en majorit\u00e9 par les producteurs locaux sans devoir parcourir plusieurs kilom\u00e8tres. Le kiosque s\u2019installe \u00e0 tour de r\u00f4le du mardi au vendredi et un samedi par mois dans ces diff\u00e9rentes municipalit\u00e9s.<\/p>\n<p>L\u2019acc\u00e8s \u00e0 des fruits et l\u00e9gumes frais n\u2019est pas toujours facile dans certaines communaut\u00e9s situ\u00e9es en milieu rural. Pour y rem\u00e9dier, des intervenants du CISSS de la Mont\u00e9r\u00e9gie-Centre ont d\u00e9but\u00e9 en janvier 2016 un partenariat avec le Centre d\u2019entraide r\u00e9gional d\u2019Henryville pour favoriser l\u2019implication des municipalit\u00e9s et mobiliser d\u2019autres partenaires concern\u00e9s par ce projet.<\/p>\n<p>La Direction de sant\u00e9 publique a d\u00e9j\u00e0 vers\u00e9 38\u00a0000 $ pour la r\u00e9alisation du march\u00e9 ambulant et s\u2019est engag\u00e9e \u00e0 le soutenir financi\u00e8rement l\u2019an prochain.<\/p>\n<p>Pour plus d&rsquo;information, consultez <a href=\"https:\/\/www.facebook.com\/Jaime.FruiGumes\/\">www.facebook.com\/Jaime.FruiGumes\/<\/a><\/p>\n<div id=\"attachment_5130\" style=\"width: 235px\" class=\"wp-caption alignleft\"><a href=\"http:\/\/santemc.quebec\/santemc\/icentre\/wp-content\/uploads\/2017\/07\/IMG_0301.png\"><img aria-describedby=\"caption-attachment-5130\" decoding=\"async\" loading=\"lazy\" class=\"wp-image-5130 size-medium\" src=\"http:\/\/santemc.quebec\/santemc\/icentre\/wp-content\/uploads\/2017\/07\/IMG_0301-225x300.png\" alt=\"\" width=\"225\" height=\"300\" srcset=\"https:\/\/santemc.quebec\/santemc\/icentre\/wp-content\/uploads\/2017\/07\/IMG_0301-225x300.png 225w, https:\/\/santemc.quebec\/santemc\/icentre\/wp-content\/uploads\/2017\/07\/IMG_0301.png 480w\" sizes=\"(max-width: 225px) 100vw, 225px\" \/><\/a><p id=\"caption-attachment-5130\" class=\"wp-caption-text\">Sur la photo, on aper\u00e7oit Marie-Claude Salvaille, coordonnatrice du projet J&rsquo;aime FruiGumes, accompagn\u00e9e de Nathalie Ruest, chef de service saines habitudes et environnements favorables au CISSS de la Mont\u00e9r\u00e9gie-Centre.<\/p><\/div>\n","protected":false},"excerpt":{"rendered":"<p>L\u2019\u00e9quipe saines habitudes de vie et environnements favorables au CISSS de la Mont\u00e9r\u00e9gie-Centre participait la semaine derni\u00e8re au lancement du march\u00e9 ambulant FruiGumes.<\/p>\n","protected":false},"author":9,"featured_media":0,"comment_status":"open","ping_status":"closed","sticky":false,"template":"","format":"standard","meta":{"footnotes":""},"categories":[1],"tags":[],"_links":{"self":[{"href":"https:\/\/santemc.quebec\/icentre\/wp-json\/wp\/v2\/posts\/5127"}],"collection":[{"href":"https:\/\/santemc.quebec\/icentre\/wp-json\/wp\/v2\/posts"}],"about":[{"href":"https:\/\/santemc.quebec\/icentre\/wp-json\/wp\/v2\/types\/post"}],"author":[{"embeddable":true,"href":"https:\/\/santemc.quebec\/icentre\/wp-json\/wp\/v2\/users\/9"}],"replies":[{"embeddable":true,"href":"https:\/\/santemc.quebec\/icentre\/wp-json\/wp\/v2\/comments?post=5127"}],"version-history":[{"count":1,"href":"https:\/\/santemc.quebec\/icentre\/wp-json\/wp\/v2\/posts\/5127\/revisions"}],"predecessor-version":[{"id":5131,"href":"https:\/\/santemc.quebec\/icentre\/wp-json\/wp\/v2\/posts\/5127\/revisions\/5131"}],"wp:attachment":[{"href":"https:\/\/santemc.quebec\/icentre\/wp-json\/wp\/v2\/media?parent=5127"}],"wp:term":[{"taxonomy":"category","embeddable":true,"href":"https:\/\/santemc.quebec\/icentre\/wp-json\/wp\/v2\/categories?post=5127"},{"taxonomy":"post_tag","embeddable":true,"href":"https:\/\/santemc.quebec\/icentre\/wp-json\/wp\/v2\/tags?post=5127"}],"curies":[{"name":"wp","href":"https:\/\/api.w.org\/{rel}","templated":true}]}}