{"id":5133,"date":"2017-07-11T16:23:57","date_gmt":"2017-07-11T20:23:57","guid":{"rendered":"http:\/\/santemc.quebec\/icentre\/?p=5133"},"modified":"2017-07-11T16:27:45","modified_gmt":"2017-07-11T20:27:45","slug":"degat-deau-au-chsld-champagnat-la-situation-sous-controle-grace-a-la-mobilisation-des-equipes","status":"publish","type":"post","link":"https:\/\/santemc.quebec\/icentre\/degat-deau-au-chsld-champagnat-la-situation-sous-controle-grace-a-la-mobilisation-des-equipes\/","title":{"rendered":"D\u00e9g\u00e2t d\u2019eau au CHSLD Champagnat : la situation sous contr\u00f4le gr\u00e2ce \u00e0 la mobilisation des \u00e9quipes"},"content":{"rendered":"<p><a href=\"http:\/\/santemc.quebec\/santemc\/icentre\/wp-content\/uploads\/2017\/07\/Champagnat.jpg\"><img decoding=\"async\" loading=\"lazy\" class=\"size-medium wp-image-5134 alignleft\" src=\"http:\/\/santemc.quebec\/santemc\/icentre\/wp-content\/uploads\/2017\/07\/Champagnat-300x197.jpg\" alt=\"\" width=\"300\" height=\"197\" srcset=\"https:\/\/santemc.quebec\/santemc\/icentre\/wp-content\/uploads\/2017\/07\/Champagnat-300x197.jpg 300w, https:\/\/santemc.quebec\/santemc\/icentre\/wp-content\/uploads\/2017\/07\/Champagnat-768x505.jpg 768w, https:\/\/santemc.quebec\/santemc\/icentre\/wp-content\/uploads\/2017\/07\/Champagnat-1024x673.jpg 1024w, https:\/\/santemc.quebec\/santemc\/icentre\/wp-content\/uploads\/2017\/07\/Champagnat-457x300.jpg 457w, https:\/\/santemc.quebec\/santemc\/icentre\/wp-content\/uploads\/2017\/07\/Champagnat.jpg 1268w\" sizes=\"(max-width: 300px) 100vw, 300px\" \/><\/a>Pour ceux qui l\u2019ignorent, vendredi dernier, de fortes pluies ont caus\u00e9 un d\u00e9g\u00e2t d\u2019eau important au CHSLD Champagnat situ\u00e9 \u00e0 Saint-Jean-sur-Richelieu (secteur Iberville). Les ailes Nord, Est et Ouest du centre d\u2019h\u00e9bergement ont \u00e9t\u00e9 touch\u00e9es par des infiltrations d\u2019eau. Cons\u00e9quemment, 33 r\u00e9sidents ont d\u00fb \u00eatre relocalis\u00e9s temporairement \u00e0 l\u2019int\u00e9rieur m\u00eame du CHSLD Champagnat, ou transport\u00e9s vers un autre centre d\u2019h\u00e9bergement de notre organisation.<\/p>\n<p>Cette relocalisation rapide des r\u00e9sidents a \u00e9t\u00e9 possible gr\u00e2ce \u00e0 l\u2019excellente mobilisation et la collaboration du personnel du CHSLD, de l\u2019\u00e9quipe des mesures d\u2019urgence et des services de soutien, principalement la Direction des services techniques. <!--more-->Bien qu\u2019un tel \u00e9v\u00e9nement bouscule le quotidien, tous les efforts ont \u00e9t\u00e9 d\u00e9ploy\u00e9s pour que la prise en charge des r\u00e9sidents et les travaux de r\u00e9paration se d\u00e9roulent avec diligence et dans le respect des personnes. D\u2019ici quelques jours, tous les r\u00e9sidents pourront retrouver leur chambre.<\/p>\n<p>Nous tenons \u00e0 souligner l\u2019efficacit\u00e9 des \u00e9quipes sur le terrain. Votre d\u00e9vouement et votre travail d\u2019\u00e9quipe proactif auront eu pour effet de rassurer les r\u00e9sidents et leur famille et d\u2019assurer la s\u00e9curit\u00e9 des lieux. Je vous remercie de\u00a0votre temps et de tous les efforts d\u00e9ploy\u00e9s.<\/p>\n<p>Lise Pouliot<br \/>\nPr\u00e9sidente-directrice g\u00e9n\u00e9rale adjointe<\/p>\n","protected":false},"excerpt":{"rendered":"<p>Pour ceux qui l\u2019ignorent, vendredi dernier, de fortes pluies ont caus\u00e9 un d\u00e9g\u00e2t d\u2019eau important au CHSLD Champagnat situ\u00e9 \u00e0 Saint-Jean-sur-Richelieu (secteur Iberville). Les ailes Nord, Est et Ouest du centre d\u2019h\u00e9bergement ont \u00e9t\u00e9 touch\u00e9es par des infiltrations d\u2019eau. Cons\u00e9quemment, &hellip; <a href=\"https:\/\/santemc.quebec\/icentre\/degat-deau-au-chsld-champagnat-la-situation-sous-controle-grace-a-la-mobilisation-des-equipes\/\">Continuer la lecture <span class=\"meta-nav\">&rarr;<\/span><\/a><\/p>\n","protected":false},"author":8,"featured_media":0,"comment_status":"open","ping_status":"closed","sticky":false,"template":"","format":"standard","meta":{"footnotes":""},"categories":[1],"tags":[],"_links":{"self":[{"href":"https:\/\/santemc.quebec\/icentre\/wp-json\/wp\/v2\/posts\/5133"}],"collection":[{"href":"https:\/\/santemc.quebec\/icentre\/wp-json\/wp\/v2\/posts"}],"about":[{"href":"https:\/\/santemc.quebec\/icentre\/wp-json\/wp\/v2\/types\/post"}],"author":[{"embeddable":true,"href":"https:\/\/santemc.quebec\/icentre\/wp-json\/wp\/v2\/users\/8"}],"replies":[{"embeddable":true,"href":"https:\/\/santemc.quebec\/icentre\/wp-json\/wp\/v2\/comments?post=5133"}],"version-history":[{"count":5,"href":"https:\/\/santemc.quebec\/icentre\/wp-json\/wp\/v2\/posts\/5133\/revisions"}],"predecessor-version":[{"id":5139,"href":"https:\/\/santemc.quebec\/icentre\/wp-json\/wp\/v2\/posts\/5133\/revisions\/5139"}],"wp:attachment":[{"href":"https:\/\/santemc.quebec\/icentre\/wp-json\/wp\/v2\/media?parent=5133"}],"wp:term":[{"taxonomy":"category","embeddable":true,"href":"https:\/\/santemc.quebec\/icentre\/wp-json\/wp\/v2\/categories?post=5133"},{"taxonomy":"post_tag","embeddable":true,"href":"https:\/\/santemc.quebec\/icentre\/wp-json\/wp\/v2\/tags?post=5133"}],"curies":[{"name":"wp","href":"https:\/\/api.w.org\/{rel}","templated":true}]}}