{"id":5140,"date":"2017-07-17T16:08:21","date_gmt":"2017-07-17T20:08:21","guid":{"rendered":"http:\/\/santemc.quebec\/icentre\/?p=5140"},"modified":"2017-07-17T16:08:21","modified_gmt":"2017-07-17T20:08:21","slug":"degat-deau-au-chsld-champagnat-retour-a-la-normale","status":"publish","type":"post","link":"https:\/\/santemc.quebec\/icentre\/degat-deau-au-chsld-champagnat-retour-a-la-normale\/","title":{"rendered":"D\u00e9g\u00e2t d\u2019eau au CHSLD Champagnat : retour \u00e0 la normale"},"content":{"rendered":"<p>\u00c0 la suite du d\u00e9g\u00e2t d\u2019eau survenu le vendredi 7 juillet dernier, au rez-de-chauss\u00e9e du CHSLD Champagnat, 31 r\u00e9sidents sur 33 qui ont d\u00fb \u00eatre relocalis\u00e9s \u00e0 l\u2019int\u00e9rieur ou \u00e0 l\u2019ext\u00e9rieur du centre ont pu regagner leur chambre. Les travaux qui \u00e9taient en cours depuis une semaine pour r\u00e9parer les dommages caus\u00e9s par l\u2019eau sont pratiquement termin\u00e9s.<\/p>\n<p><!--more--><\/p>\n<p>L\u2019exceptionnelle mobilisation des \u00e9quipes du CHSLD, de la Direction soutien aux personnes \u00e2g\u00e9es en perte d\u2019autonomie, des mesures d\u2019urgence, de la logistique et des services techniques ont contribu\u00e9 de fa\u00e7on extraordinaire \u00e0 la gestion efficace de cette situation particuli\u00e8re.<\/p>\n<p>\u00c0 tous, un immense merci!<\/p>\n<p>Lise Pouliot<br \/>\nPr\u00e9sidente-directrice g\u00e9n\u00e9rale adjointe<\/p>\n","protected":false},"excerpt":{"rendered":"<p>\u00c0 la suite du d\u00e9g\u00e2t d\u2019eau survenu le vendredi 7 juillet dernier, au rez-de-chauss\u00e9e du CHSLD Champagnat, 31 r\u00e9sidents sur 33 qui ont d\u00fb \u00eatre relocalis\u00e9s \u00e0 l\u2019int\u00e9rieur ou \u00e0 l\u2019ext\u00e9rieur du centre ont pu regagner leur chambre. Les travaux &hellip; <a href=\"https:\/\/santemc.quebec\/icentre\/degat-deau-au-chsld-champagnat-retour-a-la-normale\/\">Continuer la lecture <span class=\"meta-nav\">&rarr;<\/span><\/a><\/p>\n","protected":false},"author":8,"featured_media":0,"comment_status":"open","ping_status":"closed","sticky":false,"template":"","format":"standard","meta":{"footnotes":""},"categories":[1],"tags":[],"_links":{"self":[{"href":"https:\/\/santemc.quebec\/icentre\/wp-json\/wp\/v2\/posts\/5140"}],"collection":[{"href":"https:\/\/santemc.quebec\/icentre\/wp-json\/wp\/v2\/posts"}],"about":[{"href":"https:\/\/santemc.quebec\/icentre\/wp-json\/wp\/v2\/types\/post"}],"author":[{"embeddable":true,"href":"https:\/\/santemc.quebec\/icentre\/wp-json\/wp\/v2\/users\/8"}],"replies":[{"embeddable":true,"href":"https:\/\/santemc.quebec\/icentre\/wp-json\/wp\/v2\/comments?post=5140"}],"version-history":[{"count":3,"href":"https:\/\/santemc.quebec\/icentre\/wp-json\/wp\/v2\/posts\/5140\/revisions"}],"predecessor-version":[{"id":5152,"href":"https:\/\/santemc.quebec\/icentre\/wp-json\/wp\/v2\/posts\/5140\/revisions\/5152"}],"wp:attachment":[{"href":"https:\/\/santemc.quebec\/icentre\/wp-json\/wp\/v2\/media?parent=5140"}],"wp:term":[{"taxonomy":"category","embeddable":true,"href":"https:\/\/santemc.quebec\/icentre\/wp-json\/wp\/v2\/categories?post=5140"},{"taxonomy":"post_tag","embeddable":true,"href":"https:\/\/santemc.quebec\/icentre\/wp-json\/wp\/v2\/tags?post=5140"}],"curies":[{"name":"wp","href":"https:\/\/api.w.org\/{rel}","templated":true}]}}