{"id":5142,"date":"2017-07-17T15:56:00","date_gmt":"2017-07-17T19:56:00","guid":{"rendered":"http:\/\/santemc.quebec\/icentre\/?p=5142"},"modified":"2017-07-19T10:13:23","modified_gmt":"2017-07-19T14:13:23","slug":"les-dernieres-nominations-de-cadres-intermediaires-10","status":"publish","type":"post","link":"https:\/\/santemc.quebec\/icentre\/les-dernieres-nominations-de-cadres-intermediaires-10\/","title":{"rendered":"Les derni\u00e8res nominations de cadres interm\u00e9diaires"},"content":{"rendered":"<p>Voici les plus r\u00e9centes nominations :<br \/>\n<!--more--><\/p>\n<p><strong>Direction de sant\u00e9 publique<\/strong><\/p>\n<table style=\"width: 75%;\">\n<tbody>\n<tr>\n<td style=\"width: 70%;\">Chef de service (hygi\u00e8ne) sant\u00e9 au travail<br \/>\n(Entr\u00e9e en fonction : 25 juin 2017)<\/td>\n<td style=\"width: 5%;\"><\/td>\n<td style=\"width: 25%;\">Mme\u00a0Diane Langlois<\/td>\n<\/tr>\n<\/tbody>\n<\/table>\n<p><strong>Direction des services professionnels<\/strong><\/p>\n<table style=\"width: 75%;\">\n<tbody>\n<tr>\n<td style=\"width: 70%;\">Chef de service du bloc op\u00e9ratoire et de l&rsquo;unit\u00e9 de retraitement des dispositifs m\u00e9dicaux &#8211; HHR<br \/>\n(Entr\u00e9e en fonction : 10 juillet 2017)Chef de service GMF-UMF Charles-Le Moyne<br \/>\n(Entr\u00e9e en fonction : 27 juillet 2017)<\/td>\n<td style=\"width: 5%;\"><\/td>\n<td style=\"width: 25%;\">Mme\u00a0April Fequet<\/p>\n<p>&nbsp;<\/p>\n<p>Mme Martine Jean-Marie<\/td>\n<\/tr>\n<\/tbody>\n<\/table>\n","protected":false},"excerpt":{"rendered":"<p>Voici les plus r\u00e9centes nominations :<\/p>\n","protected":false},"author":9,"featured_media":0,"comment_status":"open","ping_status":"closed","sticky":false,"template":"","format":"standard","meta":{"footnotes":""},"categories":[1],"tags":[8],"_links":{"self":[{"href":"https:\/\/santemc.quebec\/icentre\/wp-json\/wp\/v2\/posts\/5142"}],"collection":[{"href":"https:\/\/santemc.quebec\/icentre\/wp-json\/wp\/v2\/posts"}],"about":[{"href":"https:\/\/santemc.quebec\/icentre\/wp-json\/wp\/v2\/types\/post"}],"author":[{"embeddable":true,"href":"https:\/\/santemc.quebec\/icentre\/wp-json\/wp\/v2\/users\/9"}],"replies":[{"embeddable":true,"href":"https:\/\/santemc.quebec\/icentre\/wp-json\/wp\/v2\/comments?post=5142"}],"version-history":[{"count":6,"href":"https:\/\/santemc.quebec\/icentre\/wp-json\/wp\/v2\/posts\/5142\/revisions"}],"predecessor-version":[{"id":5157,"href":"https:\/\/santemc.quebec\/icentre\/wp-json\/wp\/v2\/posts\/5142\/revisions\/5157"}],"wp:attachment":[{"href":"https:\/\/santemc.quebec\/icentre\/wp-json\/wp\/v2\/media?parent=5142"}],"wp:term":[{"taxonomy":"category","embeddable":true,"href":"https:\/\/santemc.quebec\/icentre\/wp-json\/wp\/v2\/categories?post=5142"},{"taxonomy":"post_tag","embeddable":true,"href":"https:\/\/santemc.quebec\/icentre\/wp-json\/wp\/v2\/tags?post=5142"}],"curies":[{"name":"wp","href":"https:\/\/api.w.org\/{rel}","templated":true}]}}